{"id":10926,"date":"2019-02-20T16:43:52","date_gmt":"2019-02-20T19:43:52","guid":{"rendered":"http:\/\/www.atecordoba.org\/?p=10926"},"modified":"2020-06-18T23:40:30","modified_gmt":"2020-06-19T02:40:30","slug":"municipales-de-las-vertientes-15-de-aumento-salarial-para-el-primer-semestre","status":"publish","type":"post","link":"https:\/\/atecordoba.org\/?p=10926","title":{"rendered":"Municipales de Las Vertientes: 15% de aumento salarial para el primer semestre"},"content":{"rendered":"<p><em>ATE cerr\u00f3 un acuerdo paritario con el Municipio el pasado 15 de febrero, que incluye tambi\u00e9n mejoras en \u00edtems que conforman el salario.<\/em><\/p>\n<p><img loading=\"lazy\" decoding=\"async\" class=\"aligncenter size-full wp-image-10928\" src=\"http:\/\/atecordoba.org\/wp-content\/uploads\/2020\/05\/las-vertientes-e1550691809929.jpg\" alt=\"\" width=\"550\" height=\"366\"><\/p>\n<p>&nbsp;<\/p>\n<p>El acuerdo cont\u00f3 con la presencia por parte de ATE del secretario de Acci\u00f3n Pol\u00edtica, Federico Giuliani, Sebasti\u00e1n Contreras, de la seccional R\u00edo Cuarto, y los delegados municipales Jos\u00e9 Ju\u00e1rez y Waldo Romero. En tanto, por la municipalidad de Las Vertientes, Departamento R\u00edo Cuarto, firm\u00f3 el intendente Miguel Melano.<\/p>\n<p>Conforme lo acordado, los trabajadores municipales obtienen una recomposici\u00f3n salarial del 10% incorporado en el sueldo de febrero, a pagar a principios de marzo, y de un 5% m\u00e1s para marzo, a pagar en abril.<\/p>\n<p>Tambi\u00e9n se logr\u00f3 la actualizaci\u00f3n del refrigerio, de 52 a 500 pesos para todos los trabajadores independientemente de su condici\u00f3n laboral, y la actualizaci\u00f3n en el \u00edtem asistencia y puntualidad, de 72 a 200 pesos.<\/p>\n<p>De la misma forma, se incorpora ahora el \u00edtem \u2018tarea insalubre y riesgosa\u2019 para los trabajadores contratados que no lo estaban cobrando, comenzando con 5% del salario b\u00e1sico desde febrero.<\/p>\n<p>De com\u00fan acuerdo se fij\u00f3 audiencia para mayo a los fines de establecer el aumento salarial de junio.<\/p>\n<p>San Basilio<\/p>\n<p>Por otro lado, en la localidad de San Basilio, ubicada a 65 kil\u00f3metros al sureste de R\u00edo Cuarto, se procedi\u00f3 ayer a la entrega de la documentaci\u00f3n de ATE y la n\u00f3mina de afiliados al Secretario de Gobierno de esa Municipalidad, lo que constituye la cuarta localidad en donde nuestro gremio incorpora afiliados trabajadores municipales en los \u00faltimos dos meses.<\/p>\n","protected":false},"excerpt":{"rendered":"<p>ATE cerr\u00f3 un acuerdo paritario con el Municipio el pasado 15 de febrero, que incluye tambi\u00e9n mejoras en \u00edtems que conforman el salario. &nbsp; El acuerdo cont\u00f3 con la presencia por parte de ATE del secretario de Acci\u00f3n Pol\u00edtica, Federico Giuliani, Sebasti\u00e1n Contreras, de la seccional R\u00edo Cuarto, y los delegados municipales Jos\u00e9 Ju\u00e1rez y [&hellip;]<\/p>\n","protected":false},"author":1,"featured_media":14213,"comment_status":"open","ping_status":"open","sticky":false,"template":"","format":"standard","meta":{"_exactmetrics_skip_tracking":false,"_exactmetrics_sitenote_active":false,"_exactmetrics_sitenote_note":"","_exactmetrics_sitenote_category":0,"jnews-multi-image_gallery":[],"jnews_single_post":{"subtitle":"","format":"standard","video":"","gallery":"","source_name":"","source_url":"","via_name":"","via_url":"","override_template":"0","override":[{"template":"1","single_blog_custom":"","parallax":"1","fullscreen":"0","layout":"right-sidebar","sidebar":"default-sidebar","second_sidebar":"default-sidebar","sticky_sidebar":"1","share_position":"top","share_float_style":"share-monocrhome","show_share_counter":"1","show_view_counter":"1","show_featured":"1","show_post_meta":"1","show_post_author":"1","show_post_author_image":"1","show_post_date":"1","post_date_format":"default","post_date_format_custom":"Y\/m\/d","show_post_category":"1","show_post_reading_time":"0","post_reading_time_wpm":"300","show_zoom_button":"0","zoom_button_out_step":"2","zoom_button_in_step":"3","show_post_tag":"1","show_prev_next_post":"1","show_popup_post":"1","number_popup_post":"1","show_author_box":"0","show_post_related":"0","show_inline_post_related":"0"}],"override_image_size":"0","image_override":[{"single_post_thumbnail_size":"crop-500","single_post_gallery_size":"crop-500"}],"trending_post":"0","trending_post_position":"meta","trending_post_label":"Trending","sponsored_post":"0","sponsored_post_label":"Sponsored by","sponsored_post_name":"","sponsored_post_url":"","sponsored_post_logo_enable":"0","sponsored_post_logo":"","sponsored_post_desc":""},"jnews_primary_category":{"id":""},"jnews_social_meta":{"fb_title":"","fb_description":"","fb_image":"","twitter_title":"","twitter_description":"","twitter_image":""},"jnews_review":[],"enable_review":"0","type":"percentage","name":"","summary":"","brand":"","sku":"","good":[{"good_text":""}],"bad":[{"bad_text":""}],"score_override":"","override_value":"","rating":[{"rating_text":"","rating_number":"10"}],"price":[{"shop":"","price":"","link":"","icon":""}],"jnews_override_counter":{"override_view_counter":"0","view_counter_number":"0","override_share_counter":"0","share_counter_number":"0","override_like_counter":"0","like_counter_number":"0","override_dislike_counter":"0","dislike_counter_number":"0"},"jnews_post_split":{"enable_post_split":"0","post_split":[{"template":"1","tag":"h2","numbering":"asc","mode":"normal"}]},"footnotes":""},"categories":[20,12,34],"tags":[],"class_list":["post-10926","post","type-post","status-publish","format-standard","has-post-thumbnail","hentry","category-municipales","category-rio-cuarto","category-seccionales"],"jetpack_featured_media_url":"https:\/\/atecordoba.org\/wp-content\/uploads\/2020\/05\/las-vertientes-e1550691809929.jpg","_links":{"self":[{"href":"https:\/\/atecordoba.org\/index.php?rest_route=\/wp\/v2\/posts\/10926","targetHints":{"allow":["GET"]}}],"collection":[{"href":"https:\/\/atecordoba.org\/index.php?rest_route=\/wp\/v2\/posts"}],"about":[{"href":"https:\/\/atecordoba.org\/index.php?rest_route=\/wp\/v2\/types\/post"}],"author":[{"embeddable":true,"href":"https:\/\/atecordoba.org\/index.php?rest_route=\/wp\/v2\/users\/1"}],"replies":[{"embeddable":true,"href":"https:\/\/atecordoba.org\/index.php?rest_route=%2Fwp%2Fv2%2Fcomments&post=10926"}],"version-history":[{"count":1,"href":"https:\/\/atecordoba.org\/index.php?rest_route=\/wp\/v2\/posts\/10926\/revisions"}],"predecessor-version":[{"id":19511,"href":"https:\/\/atecordoba.org\/index.php?rest_route=\/wp\/v2\/posts\/10926\/revisions\/19511"}],"wp:featuredmedia":[{"embeddable":true,"href":"https:\/\/atecordoba.org\/index.php?rest_route=\/wp\/v2\/media\/14213"}],"wp:attachment":[{"href":"https:\/\/atecordoba.org\/index.php?rest_route=%2Fwp%2Fv2%2Fmedia&parent=10926"}],"wp:term":[{"taxonomy":"category","embeddable":true,"href":"https:\/\/atecordoba.org\/index.php?rest_route=%2Fwp%2Fv2%2Fcategories&post=10926"},{"taxonomy":"post_tag","embeddable":true,"href":"https:\/\/atecordoba.org\/index.php?rest_route=%2Fwp%2Fv2%2Ftags&post=10926"}],"curies":[{"name":"wp","href":"https:\/\/api.w.org\/{rel}","templated":true}]}}