{"id":10923,"date":"2019-02-19T14:11:02","date_gmt":"2019-02-19T17:11:02","guid":{"rendered":"http:\/\/www.atecordoba.org\/?p=10923"},"modified":"2020-06-18T23:40:30","modified_gmt":"2020-06-19T02:40:30","slug":"plenario-de-delegados-municipales-definio-los-ejes-de-reclamo-en-rio-cuarto","status":"publish","type":"post","link":"https:\/\/atecordoba.org\/?p=10923","title":{"rendered":"Plenario de delegados municipales defini\u00f3 los ejes de reclamo en R\u00edo Cuarto"},"content":{"rendered":"<p><em>El pasado 15 de febrero se realiz\u00f3 el plenario general de delegadas\/os municipales, donde se fijaron los criterios de reclamo general del sector dentro de la seccional R\u00edo Cuarto.<\/em><\/p>\n<p><img loading=\"lazy\" decoding=\"async\" class=\"aligncenter size-full wp-image-10924\" src=\"http:\/\/atecordoba.org\/wp-content\/uploads\/2020\/05\/plenario-municipales_rio-cuarto-e1550596224232.jpg\" alt=\"\" width=\"550\" height=\"347\"><\/p>\n<p>El encuentro estuvo encabeza por el secretario General, Walter Avalos, y la Adjunta, Rafaela Alcoba.<\/p>\n<p>En t\u00e9rminos salariales los compa\u00f1eros analizaron las mesas salariales 2018, donde la proyecci\u00f3n inflacionaria del gobierno nacional de un 15% fracas\u00f3 en los primeros meses del a\u00f1o y cerr\u00f3 en un 47.6%, superando ampliamente cualquier acuerdo y llevando a los trabajadores nuevamente a perder poder adquisitivo.<\/p>\n<p>Es por ello que este a\u00f1o 2019 con un \u00edndice inflacionario que en el mes de enero cerr\u00f3 en aproximadamente un 3% ya queda descartada la proyecci\u00f3n del gobierno que estipula un 23% de inflaci\u00f3n anual.<\/p>\n<p>En tal sentido, entendiendo que el costo de vida se elev\u00f3 desmesuradamente es que se defini\u00f3 solicitar tres ejes centrales:<\/p>\n<ul>\n<li>Incremento Salarial: del 35% en no m\u00e1s de dos tramos y reapertura de mesas salariales en los meses de mayo\/junio, teniendo en cuenta que en muchos municipios de C\u00f3rdoba los intendentes han adelantado las elecciones municipales para el mes de abril.<\/li>\n<li>Pase a planta permanente: la tasa de precarizaci\u00f3n laboral en los municipios de la zona es alt\u00edsima es por ello que urge dar respuesta a esta larga demanda y comenzar a dar estabilidad y regularizar la relaci\u00f3n contractual de los trabajadores.<\/li>\n<li>Recategorizaci\u00f3n: en primera instancia es derecho de los trabajadores poder proyectar una carrera dentro del mundo laboral y por consiguiente es necesario que lxs compa\u00f1erxs pr\u00f3ximos a jubilarse puedan retirarse en la categor\u00eda que les corresponda.<\/li>\n<\/ul>\n","protected":false},"excerpt":{"rendered":"<p>El pasado 15 de febrero se realiz\u00f3 el plenario general de delegadas\/os municipales, donde se fijaron los criterios de reclamo general del sector dentro de la seccional R\u00edo Cuarto. El encuentro estuvo encabeza por el secretario General, Walter Avalos, y la Adjunta, Rafaela Alcoba. En t\u00e9rminos salariales los compa\u00f1eros analizaron las mesas salariales 2018, donde [&hellip;]<\/p>\n","protected":false},"author":1,"featured_media":14215,"comment_status":"open","ping_status":"open","sticky":false,"template":"","format":"standard","meta":{"_exactmetrics_skip_tracking":false,"_exactmetrics_sitenote_active":false,"_exactmetrics_sitenote_note":"","_exactmetrics_sitenote_category":0,"jnews-multi-image_gallery":[],"jnews_single_post":{"subtitle":"","format":"standard","video":"","gallery":"","source_name":"","source_url":"","via_name":"","via_url":"","override_template":"0","override":[{"template":"1","single_blog_custom":"","parallax":"1","fullscreen":"0","layout":"right-sidebar","sidebar":"default-sidebar","second_sidebar":"default-sidebar","sticky_sidebar":"1","share_position":"top","share_float_style":"share-monocrhome","show_share_counter":"1","show_view_counter":"1","show_featured":"1","show_post_meta":"1","show_post_author":"1","show_post_author_image":"1","show_post_date":"1","post_date_format":"default","post_date_format_custom":"Y\/m\/d","show_post_category":"1","show_post_reading_time":"0","post_reading_time_wpm":"300","show_zoom_button":"0","zoom_button_out_step":"2","zoom_button_in_step":"3","show_post_tag":"1","show_prev_next_post":"1","show_popup_post":"1","number_popup_post":"1","show_author_box":"0","show_post_related":"0","show_inline_post_related":"0"}],"override_image_size":"0","image_override":[{"single_post_thumbnail_size":"crop-500","single_post_gallery_size":"crop-500"}],"trending_post":"0","trending_post_position":"meta","trending_post_label":"Trending","sponsored_post":"0","sponsored_post_label":"Sponsored by","sponsored_post_name":"","sponsored_post_url":"","sponsored_post_logo_enable":"0","sponsored_post_logo":"","sponsored_post_desc":""},"jnews_primary_category":{"id":""},"jnews_social_meta":{"fb_title":"","fb_description":"","fb_image":"","twitter_title":"","twitter_description":"","twitter_image":""},"jnews_review":[],"enable_review":"0","type":"percentage","name":"","summary":"","brand":"","sku":"","good":[{"good_text":""}],"bad":[{"bad_text":""}],"score_override":"","override_value":"","rating":[{"rating_text":"","rating_number":"10"}],"price":[{"shop":"","price":"","link":"","icon":""}],"jnews_override_counter":{"override_view_counter":"0","view_counter_number":"0","override_share_counter":"0","share_counter_number":"0","override_like_counter":"0","like_counter_number":"0","override_dislike_counter":"0","dislike_counter_number":"0"},"jnews_post_split":{"enable_post_split":"0","post_split":[{"template":"1","tag":"h2","numbering":"asc","mode":"normal"}]},"footnotes":""},"categories":[20,12,34],"tags":[],"class_list":["post-10923","post","type-post","status-publish","format-standard","has-post-thumbnail","hentry","category-municipales","category-rio-cuarto","category-seccionales"],"jetpack_featured_media_url":"https:\/\/atecordoba.org\/wp-content\/uploads\/2020\/05\/plenario-municipales_rio-cuarto-e1550596224232.jpg","_links":{"self":[{"href":"https:\/\/atecordoba.org\/index.php?rest_route=\/wp\/v2\/posts\/10923","targetHints":{"allow":["GET"]}}],"collection":[{"href":"https:\/\/atecordoba.org\/index.php?rest_route=\/wp\/v2\/posts"}],"about":[{"href":"https:\/\/atecordoba.org\/index.php?rest_route=\/wp\/v2\/types\/post"}],"author":[{"embeddable":true,"href":"https:\/\/atecordoba.org\/index.php?rest_route=\/wp\/v2\/users\/1"}],"replies":[{"embeddable":true,"href":"https:\/\/atecordoba.org\/index.php?rest_route=%2Fwp%2Fv2%2Fcomments&post=10923"}],"version-history":[{"count":1,"href":"https:\/\/atecordoba.org\/index.php?rest_route=\/wp\/v2\/posts\/10923\/revisions"}],"predecessor-version":[{"id":19513,"href":"https:\/\/atecordoba.org\/index.php?rest_route=\/wp\/v2\/posts\/10923\/revisions\/19513"}],"wp:featuredmedia":[{"embeddable":true,"href":"https:\/\/atecordoba.org\/index.php?rest_route=\/wp\/v2\/media\/14215"}],"wp:attachment":[{"href":"https:\/\/atecordoba.org\/index.php?rest_route=%2Fwp%2Fv2%2Fmedia&parent=10923"}],"wp:term":[{"taxonomy":"category","embeddable":true,"href":"https:\/\/atecordoba.org\/index.php?rest_route=%2Fwp%2Fv2%2Fcategories&post=10923"},{"taxonomy":"post_tag","embeddable":true,"href":"https:\/\/atecordoba.org\/index.php?rest_route=%2Fwp%2Fv2%2Ftags&post=10923"}],"curies":[{"name":"wp","href":"https:\/\/api.w.org\/{rel}","templated":true}]}}