{"id":10918,"date":"2019-02-18T14:17:27","date_gmt":"2019-02-18T17:17:27","guid":{"rendered":"http:\/\/www.atecordoba.org\/?p=10918"},"modified":"2019-02-18T14:17:27","modified_gmt":"2019-02-18T17:17:27","slug":"ate-presento-amparo-por-los-recursos-del-anses","status":"publish","type":"post","link":"https:\/\/atecordoba.org\/?p=10918","title":{"rendered":"ATE present\u00f3 amparo por los recursos del ANSES"},"content":{"rendered":"<p class=\"copete\"><em>El Centro de Jubilados Nacional de ATE realiz\u00f3 el reclamo judicial&nbsp; en la C\u00e1mara Federal de la Seguridad Social.&nbsp;<\/em><\/p>\n<figure id=\"attachment_10919\" aria-describedby=\"caption-attachment-10919\" style=\"width: 550px\" class=\"wp-caption aligncenter\"><img loading=\"lazy\" decoding=\"async\" class=\"wp-image-10919 size-full\" src=\"http:\/\/www.atecordoba.org\/wp-content\/uploads\/2019\/02\/poder-judicial-e1550510115560.jpg\" alt=\"\" width=\"550\" height=\"367\"><figcaption id=\"caption-attachment-10919\" class=\"wp-caption-text\">Jubilados de ATE. Entre ellos, Oscar Cacho Mengarelli de ATE Villa Mar\u00eda y ex secretario General de ATE C\u00f3rdoba.<\/figcaption><\/figure>\n<p style=\"font-weight: 400;\">Esta ma\u00f1ana, la Asociaci\u00f3n de Trabajadores del Estado realiz\u00f3 una presentaci\u00f3n para denunciar la Resoluci\u00f3n Conjunta 37\/2018, Secretar\u00eda de Finanzas y Secretar\u00eda de Hacienda, que dispone la trasferencia de 86.000.000.000 millones de pesos del Fondo de Garant\u00eda de Sustentabilidad (FGS) de Anses, en letras del Tesoro Nacional a los efectos de hacer frente a gastos corrientes.<\/p>\n<p style=\"font-weight: 400;\">Durante la conferencia de prensa, &nbsp;Hugo \u201cCachorro\u201d Godoy &nbsp;secretario general de ATE se\u00f1al\u00f3:\u201c&nbsp;Hemos venido con el Centro de Jubilados Nacional de ATE, de distintas provincias y localidades para presentar ante la Justicia, un amparo y resoluci\u00f3n sumar\u00edsima para que a trav\u00e9s de una medida cautelar, el Poder Judicial frene &nbsp;la millonaria transferencia de recursos del Fondo de Garant\u00eda Solidaria del Anses hacia las arcas del Ministerio de Econom\u00eda para sostener recursos ordinarios del Estado Nacional\u201d.<\/p>\n<p style=\"font-weight: 400;\">Y agreg\u00f3: \u201cEsta medida del Gobierno que implica un total de 96 mil millones de pesos, 86 mil millones en diciembre y 10 mil millones en Letras que le fueron &#8220;encajados&#8221; al Fondo de Garant\u00edas, deben estar destinados a garantizar la preservaci\u00f3n del Sistema Previsional en la Argentina para su utilizaci\u00f3n en gastos corrientes del Poder Ejecutivo. Es una muestra de vaciamiento y un paso m\u00e1s en el andar del Gobierno en pos de destruir el Sistema Previsional solidario en la Argentina\u201d.<\/p>\n<figure id=\"attachment_10920\" aria-describedby=\"caption-attachment-10920\" style=\"width: 550px\" class=\"wp-caption aligncenter\"><img loading=\"lazy\" decoding=\"async\" class=\"wp-image-10920 size-full\" src=\"http:\/\/www.atecordoba.org\/wp-content\/uploads\/2019\/02\/cachorro-e1550510186170.jpg\" alt=\"\" width=\"550\" height=\"367\"><figcaption id=\"caption-attachment-10920\" class=\"wp-caption-text\">Hugo Cachorro Godoy, durante el acto tras la presentaci\u00f3n del amparo.<\/figcaption><\/figure>\n<p style=\"font-weight: 400;\">Luciano Gonz\u00e1lez, asesor legal de los trabajadores de ATE Anses, destac\u00f3: \u201cEstamos presentando un amparo con una medida cautelar para que el gobierno de Macri y las pol\u00edticas del Fondo Monetario Internacional&nbsp; no sigan sustrayendo y saqueando el Fondo de Garant\u00eda y Sustentabilidad de los jubilados. Fue creado como un Fondo anti crisis para poder pagar jubilaciones y pensiones y lo que viene haciendo el Gobierno sistem\u00e1ticamente es saquear los recursos de ese Fondo para usarlos para gastos corrientes como el pago de la deuda\u201d.<\/p>\n<p style=\"font-weight: 400;\">Participaron de la conferencia de prensa Olivia Ruiz, Noelia Guzm\u00e1n, Lidia Meza, Oscar Mengarelli, referentes del Centro Nacional de Jubilados y Pensionados de ATE, Rodolfo Lara del Centro de Jubilados de ATE Provincia de Buenos Aires, Victor P\u00e9rez de la Mesa Nacional de ATE Anses, compa\u00f1eros del Centro de Jubilados de Santa Fe y de la CTA-A.<\/p>\n<div class=\"sliderkit photoslider-1click sombra\">\n<div class=\"sliderkit-panels\">\n<div class=\"sliderkit-panel\">&nbsp;<\/div>\n<\/div>\n<\/div>\n","protected":false},"excerpt":{"rendered":"<p>El Centro de Jubilados Nacional de ATE realiz\u00f3 el reclamo judicial&nbsp; en la C\u00e1mara Federal de la Seguridad Social.&nbsp; Esta ma\u00f1ana, la Asociaci\u00f3n de Trabajadores del Estado realiz\u00f3 una presentaci\u00f3n para denunciar la Resoluci\u00f3n Conjunta 37\/2018, Secretar\u00eda de Finanzas y Secretar\u00eda de Hacienda, que dispone la trasferencia de 86.000.000.000 millones de pesos del Fondo de [&hellip;]<\/p>\n","protected":false},"author":1,"featured_media":19220,"comment_status":"open","ping_status":"open","sticky":false,"template":"","format":"standard","meta":{"_exactmetrics_skip_tracking":false,"_exactmetrics_sitenote_active":false,"_exactmetrics_sitenote_note":"","_exactmetrics_sitenote_category":0,"jnews-multi-image_gallery":[],"jnews_single_post":[],"jnews_primary_category":[],"jnews_social_meta":[],"jnews_review":[],"enable_review":"","type":"","name":"","summary":"","brand":"","sku":"","good":[],"bad":[],"score_override":"","override_value":"","rating":[],"price":[],"jnews_override_counter":[],"jnews_post_split":[],"footnotes":""},"categories":[22],"tags":[],"class_list":["post-10918","post","type-post","status-publish","format-standard","has-post-thumbnail","hentry","category-jubilados"],"jetpack_featured_media_url":"https:\/\/atecordoba.org\/wp-content\/uploads\/2020\/05\/logo-nuevochico-e1561581322808.png","_links":{"self":[{"href":"https:\/\/atecordoba.org\/index.php?rest_route=\/wp\/v2\/posts\/10918","targetHints":{"allow":["GET"]}}],"collection":[{"href":"https:\/\/atecordoba.org\/index.php?rest_route=\/wp\/v2\/posts"}],"about":[{"href":"https:\/\/atecordoba.org\/index.php?rest_route=\/wp\/v2\/types\/post"}],"author":[{"embeddable":true,"href":"https:\/\/atecordoba.org\/index.php?rest_route=\/wp\/v2\/users\/1"}],"replies":[{"embeddable":true,"href":"https:\/\/atecordoba.org\/index.php?rest_route=%2Fwp%2Fv2%2Fcomments&post=10918"}],"version-history":[{"count":0,"href":"https:\/\/atecordoba.org\/index.php?rest_route=\/wp\/v2\/posts\/10918\/revisions"}],"wp:featuredmedia":[{"embeddable":true,"href":"https:\/\/atecordoba.org\/index.php?rest_route=\/wp\/v2\/media\/19220"}],"wp:attachment":[{"href":"https:\/\/atecordoba.org\/index.php?rest_route=%2Fwp%2Fv2%2Fmedia&parent=10918"}],"wp:term":[{"taxonomy":"category","embeddable":true,"href":"https:\/\/atecordoba.org\/index.php?rest_route=%2Fwp%2Fv2%2Fcategories&post=10918"},{"taxonomy":"post_tag","embeddable":true,"href":"https:\/\/atecordoba.org\/index.php?rest_route=%2Fwp%2Fv2%2Ftags&post=10918"}],"curies":[{"name":"wp","href":"https:\/\/api.w.org\/{rel}","templated":true}]}}