{"id":10908,"date":"2019-02-14T13:36:10","date_gmt":"2019-02-14T16:36:10","guid":{"rendered":"http:\/\/www.atecordoba.org\/?p=10908"},"modified":"2019-02-14T13:36:10","modified_gmt":"2019-02-14T16:36:10","slug":"municipales-de-bulnes-tambien-definieron-su-paritaria-con-15-de-aumento-salarial-para-el-primer-semestre","status":"publish","type":"post","link":"https:\/\/atecordoba.org\/?p=10908","title":{"rendered":"Municipales de Bulnes tambi\u00e9n definieron su paritaria con 15% de aumento salarial para el primer semestre"},"content":{"rendered":"<p><em>Con la presencia del secretario de Acci\u00f3n Pol\u00edtica del CDP, Federico Giuliani, ATE acordaron mejoras en la composici\u00f3n del salario.<\/em><\/p>\n<p><img loading=\"lazy\" decoding=\"async\" class=\"aligncenter size-full wp-image-10909\" src=\"http:\/\/www.atecordoba.org\/wp-content\/uploads\/2019\/02\/WhatsApp-Image-2019-02-14-at-10.09.31-e1550157576786.jpeg\" alt=\"\" width=\"550\" height=\"333\"><\/p>\n<p>El acuerdo se logr\u00f3 ayer, con la participaci\u00f3n de Giuliani y los delegados Sebasti\u00e1n Contreras por Sampacho, Mariano Baudino de Las Vertientes y la delegada local Lili Morales, en representaci\u00f3n de ATE, en tanto desde la comuna estuvo presente el intendente Mart\u00edn Toselli.<\/p>\n<p>All\u00ed se defini\u00f3 aumento salarial del 15 % en dos veces acumulativo para iniciar el a\u00f1o, junto al compromiso de convocar a una reuni\u00f3n en junio.<\/p>\n<p>\u201cLogramos la hist\u00f3rica incorporaci\u00f3n del pago del Items de Tarea Riesgos a e Insalubre que no se pagaba, actualizamos el pago de Refrigerio de 37.27 pesos a 1000 pesos, el pase a planta de 5 compa\u00f1eros y compa\u00f1eras antes de fin de a\u00f1o y el compromiso de actualizar y modificar el Estatuto del Trabajador Municipal. Luego fuimos a ratificar el acuerdo en Asamblea con afiliados y afiliadas\u201d, sintetiz\u00f3 Giuliani.<\/p>\n<p>&nbsp;<\/p>\n","protected":false},"excerpt":{"rendered":"<p>Con la presencia del secretario de Acci\u00f3n Pol\u00edtica del CDP, Federico Giuliani, ATE acordaron mejoras en la composici\u00f3n del salario. El acuerdo se logr\u00f3 ayer, con la participaci\u00f3n de Giuliani y los delegados Sebasti\u00e1n Contreras por Sampacho, Mariano Baudino de Las Vertientes y la delegada local Lili Morales, en representaci\u00f3n de ATE, en tanto desde [&hellip;]<\/p>\n","protected":false},"author":1,"featured_media":19220,"comment_status":"open","ping_status":"open","sticky":false,"template":"","format":"standard","meta":{"_exactmetrics_skip_tracking":false,"_exactmetrics_sitenote_active":false,"_exactmetrics_sitenote_note":"","_exactmetrics_sitenote_category":0,"jnews-multi-image_gallery":[],"jnews_single_post":[],"jnews_primary_category":[],"jnews_social_meta":[],"jnews_review":[],"enable_review":"","type":"","name":"","summary":"","brand":"","sku":"","good":[],"bad":[],"score_override":"","override_value":"","rating":[],"price":[],"jnews_override_counter":[],"jnews_post_split":[],"footnotes":""},"categories":[1],"tags":[],"class_list":["post-10908","post","type-post","status-publish","format-standard","has-post-thumbnail","hentry","category-sin-categoria"],"jetpack_featured_media_url":"https:\/\/atecordoba.org\/wp-content\/uploads\/2020\/05\/logo-nuevochico-e1561581322808.png","_links":{"self":[{"href":"https:\/\/atecordoba.org\/index.php?rest_route=\/wp\/v2\/posts\/10908","targetHints":{"allow":["GET"]}}],"collection":[{"href":"https:\/\/atecordoba.org\/index.php?rest_route=\/wp\/v2\/posts"}],"about":[{"href":"https:\/\/atecordoba.org\/index.php?rest_route=\/wp\/v2\/types\/post"}],"author":[{"embeddable":true,"href":"https:\/\/atecordoba.org\/index.php?rest_route=\/wp\/v2\/users\/1"}],"replies":[{"embeddable":true,"href":"https:\/\/atecordoba.org\/index.php?rest_route=%2Fwp%2Fv2%2Fcomments&post=10908"}],"version-history":[{"count":0,"href":"https:\/\/atecordoba.org\/index.php?rest_route=\/wp\/v2\/posts\/10908\/revisions"}],"wp:featuredmedia":[{"embeddable":true,"href":"https:\/\/atecordoba.org\/index.php?rest_route=\/wp\/v2\/media\/19220"}],"wp:attachment":[{"href":"https:\/\/atecordoba.org\/index.php?rest_route=%2Fwp%2Fv2%2Fmedia&parent=10908"}],"wp:term":[{"taxonomy":"category","embeddable":true,"href":"https:\/\/atecordoba.org\/index.php?rest_route=%2Fwp%2Fv2%2Fcategories&post=10908"},{"taxonomy":"post_tag","embeddable":true,"href":"https:\/\/atecordoba.org\/index.php?rest_route=%2Fwp%2Fv2%2Ftags&post=10908"}],"curies":[{"name":"wp","href":"https:\/\/api.w.org\/{rel}","templated":true}]}}