{"id":10901,"date":"2019-02-14T12:08:35","date_gmt":"2019-02-14T15:08:35","guid":{"rendered":"http:\/\/www.atecordoba.org\/?p=10901"},"modified":"2019-02-14T12:08:35","modified_gmt":"2019-02-14T15:08:35","slug":"la-cta-se-movilizo-ayer-en-cordoba","status":"publish","type":"post","link":"https:\/\/atecordoba.org\/?p=10901","title":{"rendered":"La CTA se moviliz\u00f3 ayer en C\u00f3rdoba"},"content":{"rendered":"<p><em>En el marco de la convocatoria nacional que la Central llev\u00f3 a cabo junto a organizaciones sociales, en C\u00f3rdoba se realizaron actos frente a la municipalidad y el Enacom.<\/em><\/p>\n<p><img loading=\"lazy\" decoding=\"async\" class=\"aligncenter size-full wp-image-10903\" src=\"http:\/\/www.atecordoba.org\/wp-content\/uploads\/2019\/02\/WhatsApp-Image-2019-02-13-at-14.12.03-2-e1550155898316.jpeg\" alt=\"\" width=\"550\" height=\"309\"><\/p>\n<p>En las primeras horas de la ma\u00f1ana, las delegaciones de compa\u00f1eros llegados de R\u00edo cuarto y Villa Mar\u00eda se sumaron a las columnas de compa\u00f1eros de la CTEP, Barrios de Pie y la Corriente Clasista y Combativa (CCC), UCRA, entre otras organizaciones sociales, que se movilizaron masivamente en todo el pa\u00eds para repudiar la pol\u00edtica de hambre y ajuste generalizado que impone la gesti\u00f3n de Mauricio Macri.&nbsp;<\/p>\n<p>Alrededor de 10 mil personas se dieron ciota en Chacabuco y Bv Illia para posteriormente marchar a la Municipalidad de C\u00f3rdoba, previo paso por la delegaci\u00f3n local del Ministerio de Desarrollo Social.<\/p>\n<p>A la hora d elos discursos el secretario General de la CTA Aut\u00f3noma C\u00f3rdoba, Federico Giuliani, felicit\u00f3 la movilizaci\u00f3n &#8220;plagada de j\u00f3venes y de compa\u00f1eras. Ah\u00ed es donde hay que buscar, en esa marea verde, en el movimiento de mujeres, como construir la unidad tan necesaria para golpear a estos ricos que hoy nos gobiernan&#8221;.<\/p>\n<p>Hay que buscar en ese movimiento horizontal, democr\u00e1tico, que dej\u00f3 de lado los sectarismos, los individualismos y los personalismos de los dirigentes, que sepa construir no solo la unidad en la lucha sino tambi\u00e9n un programa que ponga en la calle la din\u00e1mica que hoy tienen los movimientos sociales y populares, que van a la vanguardia en la capacidad y la posibilidad de que esta consigna \u2018patria si, colonia no\u2019 sea el faro que nos ilumine en esta lucha compa\u00f1eros.<\/p>\n<p><img loading=\"lazy\" decoding=\"async\" class=\"aligncenter size-full wp-image-10905\" src=\"http:\/\/www.atecordoba.org\/wp-content\/uploads\/2019\/02\/giuliani-e1550156366670.jpg\" alt=\"\" width=\"550\" height=\"300\"><\/p>\n<p>&nbsp;<\/p>\n<p>El dirigente salud\u00f3 a &#8220;compa\u00f1era y cada compa\u00f1ero que cada d\u00eda le ponen el cuerpo en el territorio a una disputa desigual contra este brutal ajuste del gobierno de Macri y de sus secuaces como Ramoncito Mestre (intendente de la ciudad de C\u00f3rdoba). Nuestros comedores escolares crecen cada dia atendiendo las necesidades insatifechas en los barrios carenciados. All\u00ed son nuestras compa\u00f1eras que con una copa de leche y un pedazo de pan contienen a nuestros pibes contra el flagelo de la droga la represi\u00f3n de la polic\u00eda pero sobre todo las que le dan amor para poder cambiar la realidad de este pa\u00eds&#8221;.<\/p>\n<p>Y concluy\u00f3 se\u00f1alando que &#8220;No le venimos a pedir limosna a nadie, reclamamos lo que nos corresponde: techo, tierra, trabajo, salud y educaci\u00f3n de calidad p\u00fablica y gratuita para todas y todos. Si no es por las buenas, en una mesa de di\u00e1logo, ser\u00e1 en la calle donde nos encuentren en unidad para sacar a estos t\u00edteres que conforman un modelo de ocupaci\u00f3n con anclaje neocolonial, subordinado al imperio, a los cuales les dictan la agenda desde el FMI y que todos los d\u00edas intentan golpear a los sectores populares de la argentina. Por eso es importante plantear que es la unidad de los que luchan la que van a lograr conmover. Y si no es con la lucha, ser\u00e1 con los votos. Pero este gobierno de ricos tiene las horas contadas y tambi\u00e9n en la ciudad de C\u00f3rdoba&#8221;.<\/p>\n<p>&nbsp;<\/p>\n<p><strong>Enacom<\/strong><\/p>\n<p>Por otro lado, trabajadores del Ente Nacional de Comunicaciones (Enacom) reclamaron la reincorporaci\u00f3n de dos despedidos, junto a dirigentes de la Regional C\u00f3rdoba de la CTA-A, frente a las puertas del organismo.&nbsp;<\/p>\n<p><img loading=\"lazy\" decoding=\"async\" class=\"aligncenter size-full wp-image-10904\" src=\"http:\/\/www.atecordoba.org\/wp-content\/uploads\/2019\/02\/WhatsApp-Image-2019-02-13-at-13.04.18-e1550156086584.jpeg\" alt=\"\" width=\"550\" height=\"413\"><\/p>\n<p>El acto se llev\u00f3 a cabo sobre la avenida General Paz, a metros del Correo Argentino, donde funcionan las oficinas cuyas autoridades de la delegaci\u00f3n con sede en C\u00f3rdoba despidieron en enero a dos compa\u00f1eros de manera arbitraria y sin causa.<\/p>\n<p>Estuvieron presentes estatales de la Anac, Civiles de las FF.AA., trabajadores del \u00e1mbito provincial, encabezados por el secretario General de la CTA-A Regional C\u00f3rdoba Capital, Diego Guerra, junto a compa\u00f1eros del Foro Solidario.<\/p>\n<p>En la oportunidad, se dirigi\u00f3 a los presentes el compa\u00f1ero Mart\u00edn Stibel, trabajador del Ente, quien dio un panorama&nbsp; de la situaci\u00f3n del sector y expres\u00f3 el reclamo un\u00e1nime para exigir la reincorporaci\u00f3n de los despedidos. \u201cDesde la unificaci\u00f3n de AFSCA y AFTIC se vienen dando despidos a los que se les suman compa\u00f1eros que renunciaron, o bien se jubilaron, solicitaron traslados y se acogieron al retiro voluntario, sin que esos puestos hayan sido ocupados con nuevos ingresos. Los que s\u00ed han ingresado son una cuant\u00eda de funcionarios ocupando cargos jer\u00e1rquicos al punto de que, como dice el dicho popular, parece que hay m\u00e1s caciques que indios\u201d, dijo Stibel.<\/p>\n<p>Y se\u00f1al\u00f3 que la movilizaci\u00f3n de ayer es una de una serie de acciones que se vendr\u00e1n desarrollando hasta los compa\u00f1eros sean restituidos a sus puestos de trabajo.<\/p>\n<p>A su turno, Guerra brind\u00f3 un resumen de los sectores afectados por la pol\u00edtica de ajuste y desguace que viene llevando adelante el gobierno de Mauricio Macri y convoc\u00f3 a los estatales a realizar una contundente medida de fuerza el pr\u00f3ximo 26 de febrero, cuando se lleve a cabo el paro nacional de ATE, en defensa del Estado, los salarios y los puestos de trabajo.<\/p>\n<p><strong>Impresionante movilizaci\u00f3n en CABA<\/strong><\/p>\n<p style=\"font-weight: 400;\">En la Ciudad de Buenos Aires, la masiva movilizaci\u00f3n concentr\u00f3 en el Congreso y march\u00f3 al Ministerio de Desarrollo Social para volver a repudiar el ajuste y exigir salarios dignos, acordes a la inflaci\u00f3n que ya alcanza el 47%.<\/p>\n<p><img loading=\"lazy\" decoding=\"async\" class=\"aligncenter size-full wp-image-10906\" src=\"http:\/\/www.atecordoba.org\/wp-content\/uploads\/2019\/02\/caba-e1550156873707.jpg\" alt=\"\" width=\"550\" height=\"394\"><\/p>\n<p style=\"font-weight: 400;\">Ya en el Ministerio que conduce Carolina Stanley, en representaci\u00f3n de la CTA Aut\u00f3noma, Hugo \u201cCachorro\u201d Godoy, secretario general de ATE y secretario general adjunto de la CTA-A dijo: \u201ces un orgullo para todas y para todos nosotros ganar las calles; sino no ganamos las calles, nos gana el FMI y se destruye la Naci\u00f3n. Nosotros vamos a defender la democracia para nuestro pueblo\u201d.<\/p>\n<p style=\"font-weight: 400;\">El dirigente destac\u00f3 que, seg\u00fan el Indec, el a\u00f1o pasado hab\u00eda 11 millones de pobres y que esa cifra es hoy de 14 millones. \u201cSi el gobierno de Macri no da tregua a nuestro pueblo, las organizaciones no damos tregua a este gobierno\u201d, dijo Cachorro y record\u00f3 adem\u00e1s la Marcha Federal de junio del a\u00f1o pasado cuando presentaron 5 proyectos de ley, de los que s\u00f3lo fue aprobado uno en el Congreso.<\/p>\n<p style=\"font-weight: 400;\">\u201cHoy movilizamos contra los tarifazos, los aumentos de precios, los cierres de f\u00e1bricas. Por el derecho de pibes y pibas, de jubilados y trabajadores de la econom\u00eda popular y de los formales o precarizados estamos lanzando este plan de lucha para que se aprueben los proyectos de ley que presentamos. Esta gran movilizaci\u00f3n va a continuar el 26 de febrero en todo el pa\u00eds, con un paro nacional de nuestras organizaciones. A seguir ganando las calles y seguir el estado de asamblea, para seguir construyendo la unidad de nuestro pueblo\u201d, concluy\u00f3 Godoy.<\/p>\n<p style=\"font-weight: 400;\">Luego fue el turno de Marianela Navarro, del Frente de Organizaciones en Lucha (FOL): \u201cac\u00e1 estamos los que cobramos un cuarto de la canasta alimentaria. Hemos iniciado este plan de lucha para defender el salario y para enfrentar el modelo de saqueo porque hoy 1 de cada 3 argentinos somos pobres y tenemos una mujer asesinada por femicidio cada 26 horas mientras el gobierno mira para otro lado\u201d.<\/p>\n<p style=\"font-weight: 400;\">Juan Carlos Schmidt agreg\u00f3: \u201clo que falta en este pa\u00eds en trabajo para los millones de compatriotas que no pueden acceder ni siquiera al primer empleo, lo que falta es un trazado econ\u00f3mico totalmente distinto a este. Porque no es verdad que este \u00e9l sea el \u00fanico camino. Este camino tiene como \u00fanico resultado la multiplicaci\u00f3n de los pobres. Los que est\u00e1n en las calles son los pobres y nosotros tenemos que sentir verg\u00fcenza q la argentina haya acumulado tanta cantidad de pobre\u201d.<\/p>\n<p style=\"font-weight: 400;\">En representaci\u00f3n de Barrios de Pie, Daniel \u201cChuky\u201d Men\u00e9ndez se\u00f1al\u00f3 que los alimentos no paran de subir, no paran de destruir empleos, no hay actividad econ\u00f3mica y que esa situaci\u00f3n s\u00f3lo se revierte en la calle.<\/p>\n<p style=\"font-weight: 400;\">Dina S\u00e1nchez, del Frente Popular Dar\u00edo Santill\u00e1n dijo: \u201csomos miles de trabajadores y trabajadoras de la econom\u00eda popular movilizados aqu\u00ed y en todo el pa\u00eds. Somos nosotras las que ponemos el cuerpo contra el hambre y el ajuste, por eso les decimos que vamos a seguir luchando para decidir sobre nuestros cuerpos hasta que el aborto sea legal. Y el 8 de marzo les vamos a volver a parar el pa\u00eds\u201d.<\/p>\n<p style=\"font-weight: 400;\">Juan Carlos Alderete, de la CCC, agreg\u00f3: \u201cla situaci\u00f3n de los trabajadores y del pueblo ha empeorado enormemente. La inflaci\u00f3n, los tarifazos, el cierre de empresas y el ajuste es insoportable. La mitad de nuestros pa\u00eds est\u00e1 en la pobreza y miles de jubilados est\u00e1n en la miseria\u201d.<\/p>\n<p style=\"font-weight: 400;\">En representaci\u00f3n de la Corriente Federal de Trabajadores, el gringo Amicheti se\u00f1al\u00f3: \u201cdesde un sector del movimiento obrero organizado quiero ratificar que no hay diferencia entre los trabajadores registrados y no registrados, somos todos partes de una misma clase trabajadora con una historia de lucha en com\u00fan\u201d.<\/p>\n<p style=\"font-weight: 400;\">El \u00faltimo orador fue Esteban \u201cGringo\u201d Castro, secretario general de la CTEP quien expres\u00f3 su solidaridad con los trabajadores de C5N, de Adenor, de Astillero R\u00edo Santiago y por todos los compa\u00f1eros y compa\u00f1eras que est\u00e1n sufriendo las causas de este ajuste: \u201chay miles y miles de Pymes que est\u00e1n cerrando la persiana y un pa\u00eds que produce alimentos para 400 millones de personas hace pasar hambre a la mitad de su poblaci\u00f3n. A este proyecto de hambre y ajuste lo vamos a combatir todos y todas juntas\u201d.<\/p>\n<div class=\"epyt-video-wrapper\"><iframe loading=\"lazy\"  style=\"display: block; margin: 0px auto;\"  id=\"_ytid_88477\"  width=\"480\" height=\"270\"  data-origwidth=\"480\" data-origheight=\"270\" src=\"https:\/\/www.youtube.com\/embed\/qASstSlTFHs?enablejsapi=1&#038;autoplay=0&#038;cc_load_policy=0&#038;cc_lang_pref=&#038;iv_load_policy=3&#038;loop=0&#038;rel=0&#038;fs=1&#038;playsinline=0&#038;autohide=2&#038;theme=dark&#038;color=red&#038;controls=1&#038;disablekb=0&#038;\" class=\"__youtube_prefs__  epyt-is-override  no-lazyload\" title=\"YouTube player\"  allow=\"fullscreen; accelerometer; autoplay; clipboard-write; encrypted-media; gyroscope; picture-in-picture; web-share\" referrerpolicy=\"strict-origin-when-cross-origin\" allowfullscreen data-no-lazy=\"1\" data-skipgform_ajax_framebjll=\"\"><\/iframe><\/div>\n","protected":false},"excerpt":{"rendered":"<p>En el marco de la convocatoria nacional que la Central llev\u00f3 a cabo junto a organizaciones sociales, en C\u00f3rdoba se realizaron actos frente a la municipalidad y el Enacom. En las primeras horas de la ma\u00f1ana, las delegaciones de compa\u00f1eros llegados de R\u00edo cuarto y Villa Mar\u00eda se sumaron a las columnas de compa\u00f1eros de [&hellip;]<\/p>\n","protected":false},"author":1,"featured_media":19220,"comment_status":"open","ping_status":"open","sticky":false,"template":"","format":"standard","meta":{"_exactmetrics_skip_tracking":false,"_exactmetrics_sitenote_active":false,"_exactmetrics_sitenote_note":"","_exactmetrics_sitenote_category":0,"jnews-multi-image_gallery":[],"jnews_single_post":[],"jnews_primary_category":[],"jnews_social_meta":[],"jnews_review":[],"enable_review":"","type":"","name":"","summary":"","brand":"","sku":"","good":[],"bad":[],"score_override":"","override_value":"","rating":[],"price":[],"jnews_override_counter":[],"jnews_post_split":[],"footnotes":""},"categories":[92],"tags":[],"class_list":["post-10901","post","type-post","status-publish","format-standard","has-post-thumbnail","hentry","category-cta"],"jetpack_featured_media_url":"https:\/\/atecordoba.org\/wp-content\/uploads\/2020\/05\/logo-nuevochico-e1561581322808.png","_links":{"self":[{"href":"https:\/\/atecordoba.org\/index.php?rest_route=\/wp\/v2\/posts\/10901","targetHints":{"allow":["GET"]}}],"collection":[{"href":"https:\/\/atecordoba.org\/index.php?rest_route=\/wp\/v2\/posts"}],"about":[{"href":"https:\/\/atecordoba.org\/index.php?rest_route=\/wp\/v2\/types\/post"}],"author":[{"embeddable":true,"href":"https:\/\/atecordoba.org\/index.php?rest_route=\/wp\/v2\/users\/1"}],"replies":[{"embeddable":true,"href":"https:\/\/atecordoba.org\/index.php?rest_route=%2Fwp%2Fv2%2Fcomments&post=10901"}],"version-history":[{"count":0,"href":"https:\/\/atecordoba.org\/index.php?rest_route=\/wp\/v2\/posts\/10901\/revisions"}],"wp:featuredmedia":[{"embeddable":true,"href":"https:\/\/atecordoba.org\/index.php?rest_route=\/wp\/v2\/media\/19220"}],"wp:attachment":[{"href":"https:\/\/atecordoba.org\/index.php?rest_route=%2Fwp%2Fv2%2Fmedia&parent=10901"}],"wp:term":[{"taxonomy":"category","embeddable":true,"href":"https:\/\/atecordoba.org\/index.php?rest_route=%2Fwp%2Fv2%2Fcategories&post=10901"},{"taxonomy":"post_tag","embeddable":true,"href":"https:\/\/atecordoba.org\/index.php?rest_route=%2Fwp%2Fv2%2Ftags&post=10901"}],"curies":[{"name":"wp","href":"https:\/\/api.w.org\/{rel}","templated":true}]}}