{"id":1090,"date":"2010-10-21T04:09:36","date_gmt":"2010-10-21T07:09:36","guid":{"rendered":"http:\/\/www.atecordoba.org\/?p=1090"},"modified":"2010-10-21T04:09:36","modified_gmt":"2010-10-21T07:09:36","slug":"micheli-responsabilizo-al-gobierno-evito-interceder-en-el-conflicto-laboral","status":"publish","type":"post","link":"https:\/\/atecordoba.org\/?p=1090","title":{"rendered":"Micheli responsabiliz\u00f3 al Gobierno: &#8220;Evit\u00f3 interceder en el conflicto laboral&#8221;"},"content":{"rendered":"<p><a href=\"http:\/\/www.atecordoba.org\/wp-content\/uploads\/2012\/07\/arton79.jpg\"><img loading=\"lazy\" decoding=\"async\" class=\"aligncenter size-full wp-image-1091\" title=\"arton79\" src=\"http:\/\/www.atecordoba.org\/wp-content\/uploads\/2012\/07\/arton79.jpg\" alt=\"\" width=\"300\" height=\"317\" \/><\/a><\/p>\n<p>&nbsp;<\/p>\n<div>\n<div dir=\"ltr\">\n<p style=\"text-align: justify;\"><strong>(C\u00f3rdoba, 21-10-2010) El jefe de la CTA, Pablo Micheli, se pregunt\u00f3: &#8220;\u00bfPara qu\u00e9 vamos al Ministerio de Trabajo si despu\u00e9s resulta que no intercede para resolver el conflicto y deja que las cosas lleguen al punto que llegaron?&#8221;. El electo secretario general de la CTA, Pablo Micheli, responsabiliz\u00f3 al Gobierno por el asesinato del militante Mariano Ferreyra, al opinar que &#8220;evit\u00f3 interceder&#8221; en el reclamo de reivindicaciones laborales de empleados ferroviarios de empresas tercerizadas, que deriv\u00f3 en el crimen.<\/strong><\/p>\n<\/div>\n<\/div>\n<div>\n<div dir=\"ltr\">\n<p style=\"text-align: justify;\">Adem\u00e1s, culp\u00f3 al Ministerio del Interior por la falta de detenidos en la causa abierta por el homicidio y acus\u00f3 a la Polic\u00eda Federal de &#8220;mirar para el costado&#8221; cuando ocurr\u00edan los incidentes en el barrio porte\u00f1o de Barracas, en medio de los cuales perdi\u00f3 la vida el miembro del Partido Obrero (PO) y otras dos personas resultaron con heridas de bala.<\/p>\n<p style=\"text-align: justify;\">Asimismo, calific\u00f3 como &#8220;lamentable&#8221; a la conducci\u00f3n de Jos\u00e9 Pedraza en la Uni\u00f3n Ferroviaria, al analizar la participaci\u00f3n en los hechos de miembros de ese sindicato, a quienes compa\u00f1eros de Ferreyra atribuyen el asesinato.<\/p>\n<p style=\"text-align: justify;\">&#8220;No se da legalidad ni siquiera a la CTA, a la que no se le reconoce la personer\u00eda gremial, y nos dejan a merced de estas bandas, que atentan permanentemente contra locales de nuestras organizaciones y, luego, con la vida de la gente&#8221;, enfatiz\u00f3 Micheli al fustigar a la administraci\u00f3n central.<\/p>\n<p style=\"text-align: justify;\">El sindicalista complet\u00f3: &#8220;El Gobierno debe tomar los recaudos necesarios. \u00bfPara qu\u00e9 vamos al Ministerio de Trabajo si despu\u00e9s resulta que no intercede para resolver el conflicto y deja que las cosas lleguen al punto que llegaron?&#8221;.<\/p>\n<p style=\"text-align: justify;\">Al evaluar la actuaci\u00f3n de efectivos que observaban el enfrentamiento entre integrantes de la Uni\u00f3n Ferroviaria y trabajadores despedidos de empresas tercerizadas apoyados por miembros de partidos pol\u00edticos de izquierda, sostuvo: &#8220;La Polic\u00eda (Federal) se esconde o mira para el costado: est\u00e1 tomando mate en una esquina cuando se matan a 20 metros&#8221;.<\/p>\n<p style=\"text-align: justify;\">En declaraciones radiales, critic\u00f3 al secretario general de la Uni\u00f3n Ferroviaria -a cargo del gremio desde 1996-, al considerar que &#8220;lo de Pedraza es una cosa lamentable, que evidentemente no cambia&#8221;. Zona liberada<\/p>\n<p style=\"text-align: justify;\">&#8220;Hay sectores de la Polic\u00eda y el Gobierno que miran para otro lado ante estas patotas&#8221; sindicales como la que ayer reprimi\u00f3 el corte de v\u00edas con el que pretend\u00edan protestar un grupo de ex empleados tercerizados del tren y militantes del PO, el MST y Quebracho, se quej\u00f3 Micheli en declaraciones radiales. &#8220;La Polic\u00eda mir\u00f3 para otro lado. Hubo una emboscada. Se lo deja como zona liberada para que hagan este tipo de cosas&#8221;, insisti\u00f3. &#8220;Hay que salir a la calle para parar esto&#8221;, expres\u00f3 Micheli.<\/p>\n<p style=\"text-align: justify;\">El dirigente estatal, adem\u00e1s, apunt\u00f3 espec\u00edficamente contra el gremialismo oficial y el Gobierno. Dijo que de los hechos de ayer se puede leer que &#8220;si uno quiere pelear por condiciones mas dignas de trabajo, termina apaleado por el sindicato&#8221;. Que hay que &#8220;hablar de quienes conducen el Estado, el Ministerio de Trabajo y la Jefatura de Gabinete&#8221;. Y que la Presidenta Cristina Fern\u00e1ndez de Kirchner, m\u00e1s all\u00e1 de expresar que le parece &#8220;raro&#8221; como se sucedieron los hechos, &#8220;tiene que actuar&#8221;.<\/p>\n<p style=\"text-align: justify;\">Micheli confirm\u00f3 el paro al que convoc\u00f3 la CTA en repudio a los hechos de violencia sindical que ayer terminaron con la muerte del militante del PO Mariano Ferreyra y otros dos heridos de bala. Y reiter\u00f3 que la Central es parte de la marcha que distintas organizaciones realizan esta tarde desde Callao y Corrientes a Plaza de Mayo.<\/p>\n<\/div>\n<\/div>\n","protected":false},"excerpt":{"rendered":"<p>&nbsp; (C\u00f3rdoba, 21-10-2010) El jefe de la CTA, Pablo Micheli, se pregunt\u00f3: &#8220;\u00bfPara qu\u00e9 vamos al Ministerio de Trabajo si despu\u00e9s resulta que no intercede para resolver el conflicto y deja que las cosas lleguen al punto que llegaron?&#8221;. El electo secretario general de la CTA, Pablo Micheli, responsabiliz\u00f3 al Gobierno por el asesinato del [&hellip;]<\/p>\n","protected":false},"author":1,"featured_media":19220,"comment_status":"open","ping_status":"open","sticky":false,"template":"","format":"standard","meta":{"_exactmetrics_skip_tracking":false,"_exactmetrics_sitenote_active":false,"_exactmetrics_sitenote_note":"","_exactmetrics_sitenote_category":0,"jnews-multi-image_gallery":[],"jnews_single_post":[],"jnews_primary_category":[],"jnews_social_meta":[],"jnews_review":[],"enable_review":"","type":"","name":"","summary":"","brand":"","sku":"","good":[],"bad":[],"score_override":"","override_value":"","rating":[],"price":[],"jnews_override_counter":[],"jnews_post_split":[],"footnotes":""},"categories":[18],"tags":[29,11,37],"class_list":["post-1090","post","type-post","status-publish","format-standard","has-post-thumbnail","hentry","category-nacionales","tag-nacionales-2","tag-noticias-2","tag-sta"],"jetpack_featured_media_url":"https:\/\/atecordoba.org\/wp-content\/uploads\/2020\/05\/logo-nuevochico-e1561581322808.png","_links":{"self":[{"href":"https:\/\/atecordoba.org\/index.php?rest_route=\/wp\/v2\/posts\/1090","targetHints":{"allow":["GET"]}}],"collection":[{"href":"https:\/\/atecordoba.org\/index.php?rest_route=\/wp\/v2\/posts"}],"about":[{"href":"https:\/\/atecordoba.org\/index.php?rest_route=\/wp\/v2\/types\/post"}],"author":[{"embeddable":true,"href":"https:\/\/atecordoba.org\/index.php?rest_route=\/wp\/v2\/users\/1"}],"replies":[{"embeddable":true,"href":"https:\/\/atecordoba.org\/index.php?rest_route=%2Fwp%2Fv2%2Fcomments&post=1090"}],"version-history":[{"count":0,"href":"https:\/\/atecordoba.org\/index.php?rest_route=\/wp\/v2\/posts\/1090\/revisions"}],"wp:featuredmedia":[{"embeddable":true,"href":"https:\/\/atecordoba.org\/index.php?rest_route=\/wp\/v2\/media\/19220"}],"wp:attachment":[{"href":"https:\/\/atecordoba.org\/index.php?rest_route=%2Fwp%2Fv2%2Fmedia&parent=1090"}],"wp:term":[{"taxonomy":"category","embeddable":true,"href":"https:\/\/atecordoba.org\/index.php?rest_route=%2Fwp%2Fv2%2Fcategories&post=1090"},{"taxonomy":"post_tag","embeddable":true,"href":"https:\/\/atecordoba.org\/index.php?rest_route=%2Fwp%2Fv2%2Ftags&post=1090"}],"curies":[{"name":"wp","href":"https:\/\/api.w.org\/{rel}","templated":true}]}}