{"id":10895,"date":"2019-02-13T15:08:27","date_gmt":"2019-02-13T18:08:27","guid":{"rendered":"http:\/\/www.atecordoba.org\/?p=10895"},"modified":"2020-06-18T23:40:30","modified_gmt":"2020-06-19T02:40:30","slug":"giuliani-dio-inicio-a-la-paritaria-en-alejandro-roca","status":"publish","type":"post","link":"https:\/\/atecordoba.org\/?p=10895","title":{"rendered":"Giuliani dio inici\u00f3 a la paritaria en Alejandro Roca"},"content":{"rendered":"<p><em>El municipio del sur provincial recibi\u00f3 al secretario General de la CTA-A, Federico Giuliani, para tomar conocimiento formal de los planteos de los municipales sobre salario y condiciones de trabajo.<\/em><\/p>\n<p><img loading=\"lazy\" decoding=\"async\" class=\"aligncenter size-full wp-image-10896\" src=\"http:\/\/atecordoba.org\/wp-content\/uploads\/2020\/05\/WhatsApp-Image-2019-02-13-at-14.15.07-e1550081244502.jpg\" alt=\"\" width=\"550\" height=\"310\"><\/p>\n<p>Tal como estaba previsto, Giuliani fue recibi\u00f3 por los funcionarios de importancia de la intendencia, como el secretario de Gobierno, Manuel Rinaldi y el secretario de Finanzas Jos\u00e9 Oviedo.&nbsp;<\/p>\n<p>All\u00ed, el m\u00e1ximo dirigente de la CTA-A provincia de C\u00f3rdoba estuvo acompa\u00f1ado por los delegados&nbsp;Ariel P\u00e1ez, Luc\u00eda Maderna, Julio Delcanto y Rosa Acosta, as\u00ed como Sebasti\u00e1n Contreras, por Sampacho.<\/p>\n<p>&#8220;Planteamos incremento salarial de 40% actualizaci\u00f3n de refrigerio, insalubridad, diez cupos para pase a planta permanente y que el items de asistencia y puntualidad lo cobren todos los trabajadores y las trabajadoras aparte de su actualizaci\u00f3n&#8221;, resumi\u00f3 Giuliani al finalizar la reuni\u00f3n.&nbsp;<\/p>\n<p>El dirigente destac\u00f3 tambi\u00e9n que se trata de la &#8220;primera&nbsp;paritaria como ATE (ya que) a fines del a\u00f1o pasado se sum\u00f3 a nuestro sindicato el Sutmar de esta localidad&#8221;.<\/p>\n","protected":false},"excerpt":{"rendered":"<p>El municipio del sur provincial recibi\u00f3 al secretario General de la CTA-A, Federico Giuliani, para tomar conocimiento formal de los planteos de los municipales sobre salario y condiciones de trabajo. Tal como estaba previsto, Giuliani fue recibi\u00f3 por los funcionarios de importancia de la intendencia, como el secretario de Gobierno, Manuel Rinaldi y el secretario [&hellip;]<\/p>\n","protected":false},"author":1,"featured_media":14233,"comment_status":"open","ping_status":"open","sticky":false,"template":"","format":"standard","meta":{"_exactmetrics_skip_tracking":false,"_exactmetrics_sitenote_active":false,"_exactmetrics_sitenote_note":"","_exactmetrics_sitenote_category":0,"jnews-multi-image_gallery":[],"jnews_single_post":{"subtitle":"","format":"standard","video":"","gallery":"","source_name":"","source_url":"","via_name":"","via_url":"","override_template":"0","override":[{"template":"1","single_blog_custom":"","parallax":"1","fullscreen":"0","layout":"right-sidebar","sidebar":"default-sidebar","second_sidebar":"default-sidebar","sticky_sidebar":"1","share_position":"top","share_float_style":"share-monocrhome","show_share_counter":"1","show_view_counter":"1","show_featured":"1","show_post_meta":"1","show_post_author":"1","show_post_author_image":"1","show_post_date":"1","post_date_format":"default","post_date_format_custom":"Y\/m\/d","show_post_category":"1","show_post_reading_time":"0","post_reading_time_wpm":"300","show_zoom_button":"0","zoom_button_out_step":"2","zoom_button_in_step":"3","show_post_tag":"1","show_prev_next_post":"1","show_popup_post":"1","number_popup_post":"1","show_author_box":"0","show_post_related":"0","show_inline_post_related":"0"}],"override_image_size":"0","image_override":[{"single_post_thumbnail_size":"crop-500","single_post_gallery_size":"crop-500"}],"trending_post":"0","trending_post_position":"meta","trending_post_label":"Trending","sponsored_post":"0","sponsored_post_label":"Sponsored by","sponsored_post_name":"","sponsored_post_url":"","sponsored_post_logo_enable":"0","sponsored_post_logo":"","sponsored_post_desc":""},"jnews_primary_category":{"id":""},"jnews_social_meta":{"fb_title":"","fb_description":"","fb_image":"","twitter_title":"","twitter_description":"","twitter_image":""},"jnews_review":[],"enable_review":"0","type":"percentage","name":"","summary":"","brand":"","sku":"","good":[{"good_text":""}],"bad":[{"bad_text":""}],"score_override":"","override_value":"","rating":[{"rating_text":"","rating_number":"10"}],"price":[{"shop":"","price":"","link":"","icon":""}],"jnews_override_counter":{"override_view_counter":"0","view_counter_number":"0","override_share_counter":"0","share_counter_number":"0","override_like_counter":"0","like_counter_number":"0","override_dislike_counter":"0","dislike_counter_number":"0"},"jnews_post_split":{"enable_post_split":"0","post_split":[{"template":"1","tag":"h2","numbering":"asc","mode":"normal"}]},"footnotes":""},"categories":[20,12,34],"tags":[],"class_list":["post-10895","post","type-post","status-publish","format-standard","has-post-thumbnail","hentry","category-municipales","category-rio-cuarto","category-seccionales"],"jetpack_featured_media_url":"https:\/\/atecordoba.org\/wp-content\/uploads\/2020\/05\/WhatsApp-Image-2019-02-13-at-14.15.07-e1550081244502.jpg","_links":{"self":[{"href":"https:\/\/atecordoba.org\/index.php?rest_route=\/wp\/v2\/posts\/10895","targetHints":{"allow":["GET"]}}],"collection":[{"href":"https:\/\/atecordoba.org\/index.php?rest_route=\/wp\/v2\/posts"}],"about":[{"href":"https:\/\/atecordoba.org\/index.php?rest_route=\/wp\/v2\/types\/post"}],"author":[{"embeddable":true,"href":"https:\/\/atecordoba.org\/index.php?rest_route=\/wp\/v2\/users\/1"}],"replies":[{"embeddable":true,"href":"https:\/\/atecordoba.org\/index.php?rest_route=%2Fwp%2Fv2%2Fcomments&post=10895"}],"version-history":[{"count":1,"href":"https:\/\/atecordoba.org\/index.php?rest_route=\/wp\/v2\/posts\/10895\/revisions"}],"predecessor-version":[{"id":19515,"href":"https:\/\/atecordoba.org\/index.php?rest_route=\/wp\/v2\/posts\/10895\/revisions\/19515"}],"wp:featuredmedia":[{"embeddable":true,"href":"https:\/\/atecordoba.org\/index.php?rest_route=\/wp\/v2\/media\/14233"}],"wp:attachment":[{"href":"https:\/\/atecordoba.org\/index.php?rest_route=%2Fwp%2Fv2%2Fmedia&parent=10895"}],"wp:term":[{"taxonomy":"category","embeddable":true,"href":"https:\/\/atecordoba.org\/index.php?rest_route=%2Fwp%2Fv2%2Fcategories&post=10895"},{"taxonomy":"post_tag","embeddable":true,"href":"https:\/\/atecordoba.org\/index.php?rest_route=%2Fwp%2Fv2%2Ftags&post=10895"}],"curies":[{"name":"wp","href":"https:\/\/api.w.org\/{rel}","templated":true}]}}