{"id":10889,"date":"2019-02-08T12:15:38","date_gmt":"2019-02-08T15:15:38","guid":{"rendered":"http:\/\/www.atecordoba.org\/?p=10889"},"modified":"2019-02-08T12:15:38","modified_gmt":"2019-02-08T15:15:38","slug":"se-realizo-ayer-el-plenario-nacional-de-ate-fabricaciones-militares","status":"publish","type":"post","link":"https:\/\/atecordoba.org\/?p=10889","title":{"rendered":"Se realiz\u00f3 ayer el plenario nacional de ATE Fabricaciones Militares"},"content":{"rendered":"<p class=\"copete\"><em>Los trabajadores acordaron una agenda de trabajo por la defensa nacional, en rechazo al decreto 104\/2019 y por la negociaci\u00f3n del Convenio.<\/em><\/p>\n<div class=\"sliderkit-panel sliderkit-panel-active\"><img loading=\"lazy\" decoding=\"async\" class=\"aligncenter size-full wp-image-10890\" src=\"http:\/\/www.atecordoba.org\/wp-content\/uploads\/2019\/02\/plenario-ffmm-7-2-e1549638889136.jpg\" alt=\"\" width=\"550\" height=\"310\"><\/div>\n<div>Con la presencia de la secretaria General de ATE C\u00f3rdoba, Liliana Salerno, y la participaci\u00f3n de compa\u00f1eros de las seccionales Villa Mar\u00eda y R\u00edo Tercero, se llevo a cabo ayer en la sede nacional de nuestro gremio un plenario de delegados de Fabricaciones Militares, donde se consensu\u00f3 la agenda de trabajo en rechazo al decreto que convierte al organismo en una Sociedad del Estado, por la apertura de la negociaci\u00f3n del Convenio Colectivo y para impulsar el debate en torno al rol de FM en la defensa y la soberan\u00eda nacional.<\/p>\n<p style=\"font-weight: 400;\">Adem\u00e1s de los representeantes de nuetra provincia estuvieron presentes compa\u00f1eros de J\u00e1chal (San Juan), de Fray Luis Beltr\u00e1n (Rosario) y de sede central, as\u00ed como de otros sectores productivos de ATE, como Civiles de las Fuerzas Armadas, V\u00edas Navegables y Yacimientos Carbon\u00edferos de R\u00edo Turbio.<\/p>\n<p style=\"font-weight: 400;\">En la apertura del plenario, a cargo de Hugo \u201cCachorro\u201d Godoy, nuestro secretario General se\u00f1al\u00f3 tres ejes fundamentales para organizar la pelea: \u201cEn primer t\u00e9rmino hay que debatir cu\u00e1l es el sentido de Fabricaciones y dejar en claro que es una empresa clave en el marco de una estrategia para la defensa y la soberan\u00eda nacional. En un a\u00f1o electoral como este, este tema tiene que influir en el debate. Luego, hay &nbsp;que construir una estrategia jur\u00eddica y pol\u00edtica para revertir el decreto 104\/2019, que convierte a Fabricaciones en una Sociedad del Estado y, en tercer lugar, tenemos que generar estrategias para defender el rol de ATE en el Convenio Colectivo\u201d, se\u00f1al\u00f3 el dirigente.<\/p>\n<p style=\"font-weight: 400;\">\u201cCachorro\u201d tambi\u00e9n destac\u00f3 la importancia de tejer alianzas y estrategias junto a otros sectores, dentro y fuera de ATE, como PYMES, Fuerzas Armadas, referentes pol\u00edticos, organizaciones sociales y de Derechos Humanos. \u201cEstamos en un momento dif\u00edcil pero a la vez propicio, porque si bien en un Gobierno que se niega al di\u00e1logo y est\u00e1 dispuesto a continuar con el modelo de entrega de la soberan\u00eda y la riqueza nacional, hay que aprovechar el tiempo electoral para construir alianzas y, tambi\u00e9n, para abrir el debate\u201d, resalt\u00f3.<\/p>\n<p style=\"font-weight: 400;\">Por su parte, Dami\u00e1n Albornoz, de la F\u00e1brica Militar de R\u00edo Tercero, indic\u00f3: \u201cEs importante ser nosotros los que damos el primer golpe. Tenemos que salir en el corto plazo para exigir la apertura de la negociaci\u00f3n del Convenio. Somos nosotros los representantes de los trabajadores en Fabricaciones Militares\u201d.<\/p>\n<p style=\"font-weight: 400;\">Otros compa\u00f1eros se refirieron a distintas situaciones irregulares con las que conviven desde que asumi\u00f3 la actual gesti\u00f3n: asesores con sueldos alt\u00edsimos a los que no les conocen la cara, licitaciones perdidas por capricho del interventor, falta de insumos, maquinaria abandonada, funcionarios que hacen que la empresa les pague hasta el almuerzo, uso indebido de autos oficiales, entre otras cuestiones.<\/p>\n<p style=\"font-weight: 400;\">Silvia Le\u00f3n, en tanto, resalt\u00f3 la importancia de impulsar multisectoriales en cada lugar y a nivel nacional, a favor de la defensa nacional y en oposici\u00f3n al plan de Gobierno de destruir y entregar Fabricaciones.<\/p>\n<p style=\"font-weight: 400;\"><b><strong style=\"font-style: inherit;\">Entre otras cuestiones, el plenario resolvi\u00f3:<\/strong><\/b><\/p>\n<p style=\"font-weight: 400;\">-Realizar Asambleas y recorridas en cada F\u00e1brica, con la participaci\u00f3n de compa\u00f1eros y compa\u00f1eras de otros sectores de ATE y otras organizaciones, para compartir experiencias y estrategias de lucha.<\/p>\n<p style=\"font-weight: 400;\">-Construir una estrategia pol\u00edtica y legislativa en rechazo al decreto 104\/2019 que convierte a Fabricaciones Militares en Sociedad del Estado.<\/p>\n<p style=\"font-weight: 400;\">-Intimar al Ministerio de Trabajo para que se inicie la negociaci\u00f3n por el Convenio Colectivo y se convoque a ATE.<\/p>\n<p style=\"font-weight: 400;\">Del encuentro participaron Silvia Le\u00f3n, Secretaria de Organizaci\u00f3n del CDN; Orestes Galeano, de la Conducci\u00f3n Nacional y el ISSTATE; Liliana Salerno, secretaria general de ATE C\u00f3rdoba; Walter Secondino, secretario Adminsitrativo de ATE C\u00f3rdoba; Jorge Heredia, secretario Gremial de ATE Villa Mar\u00eda; C\u00e9sar Bali\u00f1a, secretario gremial de ATE Provincia de Buenos Aires; Cristian Colman, secretario general de ATE R\u00edo Tercero; Damina Albornoz, secretario Gremial ATE R\u00edo Tercero; Dabel Robl\u00edn, de la seccional Magdalena-Punta Indio y de Civiles de las FFAA; Alberto Labudia de la Comisi\u00f3n Directiva de ATE Rosario; Miguel P\u00e1ez, secretario general de ATE R\u00edo Turbio; y Oscar Ver\u00f3n, de V\u00edas Navegables.<\/p>\n<\/div>\n","protected":false},"excerpt":{"rendered":"<p>Los trabajadores acordaron una agenda de trabajo por la defensa nacional, en rechazo al decreto 104\/2019 y por la negociaci\u00f3n del Convenio. Con la presencia de la secretaria General de ATE C\u00f3rdoba, Liliana Salerno, y la participaci\u00f3n de compa\u00f1eros de las seccionales Villa Mar\u00eda y R\u00edo Tercero, se llevo a cabo ayer en la sede [&hellip;]<\/p>\n","protected":false},"author":1,"featured_media":19220,"comment_status":"open","ping_status":"open","sticky":false,"template":"","format":"standard","meta":{"_exactmetrics_skip_tracking":false,"_exactmetrics_sitenote_active":false,"_exactmetrics_sitenote_note":"","_exactmetrics_sitenote_category":0,"jnews-multi-image_gallery":[],"jnews_single_post":[],"jnews_primary_category":[],"jnews_social_meta":[],"jnews_review":[],"enable_review":"","type":"","name":"","summary":"","brand":"","sku":"","good":[],"bad":[],"score_override":"","override_value":"","rating":[],"price":[],"jnews_override_counter":[],"jnews_post_split":[],"footnotes":""},"categories":[17,18],"tags":[],"class_list":["post-10889","post","type-post","status-publish","format-standard","has-post-thumbnail","hentry","category-fabricaciones-militares","category-nacionales"],"jetpack_featured_media_url":"https:\/\/atecordoba.org\/wp-content\/uploads\/2020\/05\/logo-nuevochico-e1561581322808.png","_links":{"self":[{"href":"https:\/\/atecordoba.org\/index.php?rest_route=\/wp\/v2\/posts\/10889","targetHints":{"allow":["GET"]}}],"collection":[{"href":"https:\/\/atecordoba.org\/index.php?rest_route=\/wp\/v2\/posts"}],"about":[{"href":"https:\/\/atecordoba.org\/index.php?rest_route=\/wp\/v2\/types\/post"}],"author":[{"embeddable":true,"href":"https:\/\/atecordoba.org\/index.php?rest_route=\/wp\/v2\/users\/1"}],"replies":[{"embeddable":true,"href":"https:\/\/atecordoba.org\/index.php?rest_route=%2Fwp%2Fv2%2Fcomments&post=10889"}],"version-history":[{"count":0,"href":"https:\/\/atecordoba.org\/index.php?rest_route=\/wp\/v2\/posts\/10889\/revisions"}],"wp:featuredmedia":[{"embeddable":true,"href":"https:\/\/atecordoba.org\/index.php?rest_route=\/wp\/v2\/media\/19220"}],"wp:attachment":[{"href":"https:\/\/atecordoba.org\/index.php?rest_route=%2Fwp%2Fv2%2Fmedia&parent=10889"}],"wp:term":[{"taxonomy":"category","embeddable":true,"href":"https:\/\/atecordoba.org\/index.php?rest_route=%2Fwp%2Fv2%2Fcategories&post=10889"},{"taxonomy":"post_tag","embeddable":true,"href":"https:\/\/atecordoba.org\/index.php?rest_route=%2Fwp%2Fv2%2Ftags&post=10889"}],"curies":[{"name":"wp","href":"https:\/\/api.w.org\/{rel}","templated":true}]}}