{"id":10886,"date":"2019-02-07T16:50:33","date_gmt":"2019-02-07T19:50:33","guid":{"rendered":"http:\/\/www.atecordoba.org\/?p=10886"},"modified":"2019-02-07T16:50:33","modified_gmt":"2019-02-07T19:50:33","slug":"con-recetas-del-fmi-el-gobierno-pretende-pagar-menos-a-los-futuros-jubilados","status":"publish","type":"post","link":"https:\/\/atecordoba.org\/?p=10886","title":{"rendered":"Con recetas del FMI, el Gobierno pretende pagar menos a los futuros jubilados"},"content":{"rendered":"<p><em>El Centro Nacional de Jubilados y Pensionados de ATE (CNJP)repudi\u00f3 la iniciativa oficial para que los trabajadores activos se deban preparar para el futuro ahorrando m\u00e1s, aportando menos y extendiendo su vida laboral.<\/em><\/p>\n<figure id=\"attachment_10887\" aria-describedby=\"caption-attachment-10887\" style=\"width: 550px\" class=\"wp-caption aligncenter\"><img loading=\"lazy\" decoding=\"async\" class=\"wp-image-10887 size-full\" src=\"http:\/\/www.atecordoba.org\/wp-content\/uploads\/2019\/02\/MARCHA-JUBILADOS-ATE-e1549568987924.jpg\" alt=\"\" width=\"550\" height=\"368\"><figcaption id=\"caption-attachment-10887\" class=\"wp-caption-text\">Archivo.<\/figcaption><\/figure>\n<p>Mientras ATE prepara la presentaci\u00f3n en la Justicia un recurso de amparo por el vaciamiento del ANSES y en defensa del sistema previsional, en un comunicado, los jubilados&nbsp; rechazaron en\u00e9rgicamente la sugerencias del FMI planteadas al Gobierno Nacional que proponen que los trabajadores activos se deban preparar para el futuro ahorrando m\u00e1s, aportando menos y extendiendo su vida laboral.<\/p>\n<p>\u201cEl Sistema Jubilatorio argentino vuelve a estar en jaque por presiones del FMI que vienen siendo aceptadas por parte del insensible e inhumano Gobierno Nacional de Mauricio Macri. Ahora llega el turno del ajuste en el c\u00e1lculo de la jubilaci\u00f3n inicial, de acuerdo a un reciente informe dado a conocer por el organismo financiero internacional\u201d, expresaron desde el Centro.<\/p>\n<p>Y agregaron: \u201cEn este sentido es que, frente a este nuevo atentado contra el derecho a una tercera edad en condiciones dignas, desde el CNJP de ATE se expresa el mayor rechazo y se apela a la reacci\u00f3n de las representaciones obreras\u201d.<\/p>\n<p>\u201cSe trata de una salvaje planificaci\u00f3n de desprotecci\u00f3n a la tercera edad, procurando reducir la tasa de sustituci\u00f3n: La relaci\u00f3n entre el haber inicial y el salario promedio previo al retiro. Refugiada detr\u00e1s de la necesidad de garantizar la sustentabilidad del sistema, la propuesta del FMI procura reducir el ingreso que recibir\u00e1n los nuevos jubilados\u201d, explican.<\/p>\n<p>En tal sentido, alertaron que: \u201cesto debe ser tenido en cuenta no solo por responsabilidad \u00e9tica por parte de los actuales jubilados y pensionados, sino tambi\u00e9n respecto al futuro de sus hijos y nietos, encaminados a ser v\u00edctimas inmediatas o futuras de estas siniestras acciones\u201d.<\/p>\n<p>Asimismo, denunciaron que \u201cla medida busca que los futuros jubilados tengan un menor haber y esconde la idea de que se jubilen menos, prolongando la vida activa para ganar \u2018lo suficiente\u2019, tarden en incorporarse al mercado laboral j\u00f3venes con eficiencia y mayores demandas, y que el Estado garante de producci\u00f3n y empleo en condiciones dignas se convierta en un administrador de esclavos\u201d.<\/p>\n<p>\u201cVolviendo con insensibilidad manifiesta sobre la reforma del sistema previsional, luego de haber alterado la f\u00f3rmula de movilidad de las jubilaciones, eliminado las moratorias para crear una pensi\u00f3n por vejez equivalente al 80 por ciento de la m\u00ednima, e incrementar la edad de retiro para las mujeres m\u00e1s vulnerables y habilitar la venta de los activos del FGS de la ANSES para financiar el descomunal d\u00e9ficit provocado como consecuencia de sus espurios negociados, vienen por m\u00e1s, y no debe ser permitido\u201d, concluyeron.<\/p>\n","protected":false},"excerpt":{"rendered":"<p>El Centro Nacional de Jubilados y Pensionados de ATE (CNJP)repudi\u00f3 la iniciativa oficial para que los trabajadores activos se deban preparar para el futuro ahorrando m\u00e1s, aportando menos y extendiendo su vida laboral. Mientras ATE prepara la presentaci\u00f3n en la Justicia un recurso de amparo por el vaciamiento del ANSES y en defensa del sistema [&hellip;]<\/p>\n","protected":false},"author":1,"featured_media":19220,"comment_status":"open","ping_status":"open","sticky":false,"template":"","format":"standard","meta":{"_exactmetrics_skip_tracking":false,"_exactmetrics_sitenote_active":false,"_exactmetrics_sitenote_note":"","_exactmetrics_sitenote_category":0,"jnews-multi-image_gallery":[],"jnews_single_post":[],"jnews_primary_category":[],"jnews_social_meta":[],"jnews_review":[],"enable_review":"","type":"","name":"","summary":"","brand":"","sku":"","good":[],"bad":[],"score_override":"","override_value":"","rating":[],"price":[],"jnews_override_counter":[],"jnews_post_split":[],"footnotes":""},"categories":[22],"tags":[],"class_list":["post-10886","post","type-post","status-publish","format-standard","has-post-thumbnail","hentry","category-jubilados"],"jetpack_featured_media_url":"https:\/\/atecordoba.org\/wp-content\/uploads\/2020\/05\/logo-nuevochico-e1561581322808.png","_links":{"self":[{"href":"https:\/\/atecordoba.org\/index.php?rest_route=\/wp\/v2\/posts\/10886","targetHints":{"allow":["GET"]}}],"collection":[{"href":"https:\/\/atecordoba.org\/index.php?rest_route=\/wp\/v2\/posts"}],"about":[{"href":"https:\/\/atecordoba.org\/index.php?rest_route=\/wp\/v2\/types\/post"}],"author":[{"embeddable":true,"href":"https:\/\/atecordoba.org\/index.php?rest_route=\/wp\/v2\/users\/1"}],"replies":[{"embeddable":true,"href":"https:\/\/atecordoba.org\/index.php?rest_route=%2Fwp%2Fv2%2Fcomments&post=10886"}],"version-history":[{"count":0,"href":"https:\/\/atecordoba.org\/index.php?rest_route=\/wp\/v2\/posts\/10886\/revisions"}],"wp:featuredmedia":[{"embeddable":true,"href":"https:\/\/atecordoba.org\/index.php?rest_route=\/wp\/v2\/media\/19220"}],"wp:attachment":[{"href":"https:\/\/atecordoba.org\/index.php?rest_route=%2Fwp%2Fv2%2Fmedia&parent=10886"}],"wp:term":[{"taxonomy":"category","embeddable":true,"href":"https:\/\/atecordoba.org\/index.php?rest_route=%2Fwp%2Fv2%2Fcategories&post=10886"},{"taxonomy":"post_tag","embeddable":true,"href":"https:\/\/atecordoba.org\/index.php?rest_route=%2Fwp%2Fv2%2Ftags&post=10886"}],"curies":[{"name":"wp","href":"https:\/\/api.w.org\/{rel}","templated":true}]}}