{"id":10877,"date":"2019-02-07T13:45:15","date_gmt":"2019-02-07T16:45:15","guid":{"rendered":"http:\/\/www.atecordoba.org\/?p=10877"},"modified":"2019-02-07T13:45:15","modified_gmt":"2019-02-07T16:45:15","slug":"26-de-febrero-paro-nacional-de-ate","status":"publish","type":"post","link":"https:\/\/atecordoba.org\/?p=10877","title":{"rendered":"26 de febrero: Paro Nacional de ATE"},"content":{"rendered":"<p class=\"copete\"><em>As\u00ed se resolvi\u00f3 en la reuni\u00f3n realizada ayer por el Consejo Directivo Nacional.<\/em><\/p>\n<p><img loading=\"lazy\" decoding=\"async\" class=\"aligncenter size-full wp-image-10878\" src=\"http:\/\/www.atecordoba.org\/wp-content\/uploads\/2019\/02\/reunion-conduccion-nacional-e1549555656881.jpg\" alt=\"\" width=\"550\" height=\"365\"><\/p>\n<p style=\"font-weight: 400;\">Con la presencia de la mayor\u00eda de las provincias representadas por sus Secretarios Generales y los miembros de la conducci\u00f3n nacional del gremio, se resolvi\u00f3 convocar a un Paro Nacional con movilizaciones en todo el pa\u00eds para el pr\u00f3ximo 26 de febrero.<\/p>\n<p style=\"font-weight: 400;\">Bajo la consigna de la reapertura de la paritaria, contra los despidos y en defensa del trabajo y la soberan\u00eda, y contra los tarifazos implementados por el gobierno nacional, ATE se movilizar\u00e1 en todas las provincias junto a los sindicatos que conforman la CTA Aut\u00f3noma.<\/p>\n<p style=\"font-weight: 400;\">Adem\u00e1s, se ratific\u00f3 el plan de lucha que se anunci\u00f3 en el d\u00eda de ayer en la CTA Aut\u00f3noma para adherir a la marcha que realizar\u00e1n las organizaciones sociales (CTEP, CCC, Barrios de Pie, FOL, el Frente Dar\u00edo Santill\u00e1n y la FeNaT) el pr\u00f3ximo 13 de febrero.<\/p>\n<p style=\"font-weight: 400;\">Tambi\u00e9n, en el marco del D\u00eda Internacional de la Mujer, tanto ATE como la CTA-A protagonizar\u00e1n el Paro Nacional de Mujeres trabajadoras.<\/p>\n<p style=\"font-weight: 400;\">Asimismo, como todos los a\u00f1os, el 24 de marzo el sindicato formar\u00e1 parte de la movilizaci\u00f3n en el D\u00eda Nacional de la Memoria por la Verdad y la Justicia a 43 a\u00f1os del \u00faltimo golpe c\u00edvico-militar.<\/p>\n<p style=\"font-weight: 400;\">Finalmente, en la \u00faltima semana de marzo, se llevar\u00e1 a cabo un encuentro nacional de trabajadoras y trabajadores del Estado Nacional a desarrollarse en la Capital Federal.<\/p>\n<p style=\"font-weight: 400;\">Y por \u00faltimo, impulsado por el Centro de Jubilados y Pensionados, en las pr\u00f3ximas semanas ATE presentar\u00e1 un recurso de amparo por el vaciamiento del ANSES y en defensa del sistema previsional.<\/p>\n<p>En C\u00f3rdoba, el CDP analizar\u00e1 la semana pr\u00f3xima donde se realizar\u00e1 la movilizaci\u00f3n en C\u00f3rdoba Capital.&nbsp;<\/p>\n","protected":false},"excerpt":{"rendered":"<p>As\u00ed se resolvi\u00f3 en la reuni\u00f3n realizada ayer por el Consejo Directivo Nacional. Con la presencia de la mayor\u00eda de las provincias representadas por sus Secretarios Generales y los miembros de la conducci\u00f3n nacional del gremio, se resolvi\u00f3 convocar a un Paro Nacional con movilizaciones en todo el pa\u00eds para el pr\u00f3ximo 26 de febrero. [&hellip;]<\/p>\n","protected":false},"author":1,"featured_media":19220,"comment_status":"open","ping_status":"open","sticky":false,"template":"","format":"standard","meta":{"_exactmetrics_skip_tracking":false,"_exactmetrics_sitenote_active":false,"_exactmetrics_sitenote_note":"","_exactmetrics_sitenote_category":0,"jnews-multi-image_gallery":[],"jnews_single_post":[],"jnews_primary_category":[],"jnews_social_meta":[],"jnews_review":[],"enable_review":"","type":"","name":"","summary":"","brand":"","sku":"","good":[],"bad":[],"score_override":"","override_value":"","rating":[],"price":[],"jnews_override_counter":[],"jnews_post_split":[],"footnotes":""},"categories":[10,21],"tags":[],"class_list":["post-10877","post","type-post","status-publish","format-standard","has-post-thumbnail","hentry","category-accion-politica","category-paro-nacional"],"jetpack_featured_media_url":"https:\/\/atecordoba.org\/wp-content\/uploads\/2020\/05\/logo-nuevochico-e1561581322808.png","_links":{"self":[{"href":"https:\/\/atecordoba.org\/index.php?rest_route=\/wp\/v2\/posts\/10877","targetHints":{"allow":["GET"]}}],"collection":[{"href":"https:\/\/atecordoba.org\/index.php?rest_route=\/wp\/v2\/posts"}],"about":[{"href":"https:\/\/atecordoba.org\/index.php?rest_route=\/wp\/v2\/types\/post"}],"author":[{"embeddable":true,"href":"https:\/\/atecordoba.org\/index.php?rest_route=\/wp\/v2\/users\/1"}],"replies":[{"embeddable":true,"href":"https:\/\/atecordoba.org\/index.php?rest_route=%2Fwp%2Fv2%2Fcomments&post=10877"}],"version-history":[{"count":0,"href":"https:\/\/atecordoba.org\/index.php?rest_route=\/wp\/v2\/posts\/10877\/revisions"}],"wp:featuredmedia":[{"embeddable":true,"href":"https:\/\/atecordoba.org\/index.php?rest_route=\/wp\/v2\/media\/19220"}],"wp:attachment":[{"href":"https:\/\/atecordoba.org\/index.php?rest_route=%2Fwp%2Fv2%2Fmedia&parent=10877"}],"wp:term":[{"taxonomy":"category","embeddable":true,"href":"https:\/\/atecordoba.org\/index.php?rest_route=%2Fwp%2Fv2%2Fcategories&post=10877"},{"taxonomy":"post_tag","embeddable":true,"href":"https:\/\/atecordoba.org\/index.php?rest_route=%2Fwp%2Fv2%2Ftags&post=10877"}],"curies":[{"name":"wp","href":"https:\/\/api.w.org\/{rel}","templated":true}]}}