{"id":10874,"date":"2019-02-06T11:20:16","date_gmt":"2019-02-06T14:20:16","guid":{"rendered":"http:\/\/www.atecordoba.org\/?p=10874"},"modified":"2020-06-18T23:40:30","modified_gmt":"2020-06-19T02:40:30","slug":"persecucion-politica-y-antisindical-a-municipales-de-san-basilio","status":"publish","type":"post","link":"https:\/\/atecordoba.org\/?p=10874","title":{"rendered":"Persecuci\u00f3n pol\u00edtica y antisindical a municipales de San Basilio"},"content":{"rendered":"<p><em>El secretario de Acci\u00f3n Pol\u00edtica del CDP, Federico Giuliani, denunci\u00f3&nbsp;persecuci\u00f3n pol\u00edtica y aprietes a empleados de la Municipalidad de San Basilio&nbsp; que pretend\u00edan sumarse a nuestro sindicato.<\/em><\/p>\n<p><img loading=\"lazy\" decoding=\"async\" class=\"aligncenter size-full wp-image-10875\" src=\"http:\/\/atecordoba.org\/wp-content\/uploads\/2020\/05\/cartel-san-basilio-e1549462783170.jpg\" alt=\"\" width=\"550\" height=\"413\"><\/p>\n<p>(fuente diario Puntal)<\/p>\n<p>Giuliani manifest\u00f3 que la semana pasada mantuvo un encuentro con un grupo de municipales efectivos y contratados. \u201cNos llamaron los trabajadores para conocer nuestra propuesta y sumarse a nuestro gremio. Pero el dato del encuentro se filtr\u00f3 y, al d\u00eda siguiente, la gente que fue parte de la reuni\u00f3n recibi\u00f3 aprietes por parte del jefe de corral\u00f3n y de una persona ligada al secretario de Gobierno, quienes les dijeron que por orden del intendente Rub\u00e9n Moine, el trabajador que se afiliaba si era efectivo perder\u00e1 sus horas extras y si eran&nbsp; contratados iban a ser despedidos. Adem\u00e1s, dici\u00e9ndoles que ellos estaban bien con el sindicato de Moldes\u201d, detall\u00f3.<\/p>\n<p>El miembro de la CD de ATE C\u00f3rdoba repudi\u00f3 esta situaci\u00f3n, al tiempo que reclam\u00f3 por el derecho de los trabajadores a elegir su sindicato.<\/p>\n<p>\u201cLo que observamos es que Moine se involucra en una disputa intersindical que existe con el gremio de municipales de Coronel Moldes, y en la cual \u00e9l no se debe entrometer sino dejar que los trabajadores elijan sus representantes. Nosotros no vamos en contra del intendente, pero este tipo de actos son repudiables\u201d, asegur\u00f3.<\/p>\n<p>Cabe recordar que en la mayor\u00eda de los municipios, los trabajadores son representados por el sindicato moldense. Desde hace unos a\u00f1os ATE viene recorriendo los municipios de la zona y haciendo afiliaciones a esta organizaci\u00f3n. \u201cEntendemos que deben hacerse valer la democracia y la libertad sindical, sobre todo en el \u00e1mbito de lo p\u00fablico, en donde hay leyes laborales que hablan de la pluralidad sindical&#8221;, se\u00f1al\u00f3 Giuliani, al tiempo que adelant\u00f3 que esta semana concurrir\u00e1 a San Basilio para reunirse con los trabajadores y que, de continuar estas intimidaciones, realizar\u00e1n presentaciones legales y administrativas.<\/p>\n<p>Por \u00faltimo, Giuliani dijo que en San Basilio hay una \u201cprecarizaci\u00f3n laboral\u201d en el \u00e1mbito municipal, con&nbsp; contratos que tienen m\u00e1s de&nbsp; 5 a\u00f1os, monotributistas con m\u00e1s de 15 a\u00f1os, salarios bajos e \u00edtems desactualizados.<\/p>\n<p>&nbsp;<\/p>\n<p>\u201cAnte la inacci\u00f3n del gremio de Moldes,&nbsp; que juega en contra de los derechos de los trabajadores, la gente busca otras formas de agremiaci\u00f3n que no son ni mejores, ni peores, pero s\u00ed distintas\u201d, finaliz\u00f3 el secretario.<\/p>\n","protected":false},"excerpt":{"rendered":"<p>El secretario de Acci\u00f3n Pol\u00edtica del CDP, Federico Giuliani, denunci\u00f3&nbsp;persecuci\u00f3n pol\u00edtica y aprietes a empleados de la Municipalidad de San Basilio&nbsp; que pretend\u00edan sumarse a nuestro sindicato. (fuente diario Puntal) Giuliani manifest\u00f3 que la semana pasada mantuvo un encuentro con un grupo de municipales efectivos y contratados. \u201cNos llamaron los trabajadores para conocer nuestra propuesta [&hellip;]<\/p>\n","protected":false},"author":1,"featured_media":19220,"comment_status":"open","ping_status":"open","sticky":false,"template":"","format":"standard","meta":{"_exactmetrics_skip_tracking":false,"_exactmetrics_sitenote_active":false,"_exactmetrics_sitenote_note":"","_exactmetrics_sitenote_category":0,"jnews-multi-image_gallery":[],"jnews_single_post":{"subtitle":"","format":"standard","video":"","gallery":"","source_name":"","source_url":"","via_name":"","via_url":"","override_template":"0","override":[{"template":"1","single_blog_custom":"","parallax":"1","fullscreen":"0","layout":"right-sidebar","sidebar":"default-sidebar","second_sidebar":"default-sidebar","sticky_sidebar":"1","share_position":"top","share_float_style":"share-monocrhome","show_share_counter":"1","show_view_counter":"1","show_featured":"1","show_post_meta":"1","show_post_author":"1","show_post_author_image":"1","show_post_date":"1","post_date_format":"default","post_date_format_custom":"Y\/m\/d","show_post_category":"1","show_post_reading_time":"0","post_reading_time_wpm":"300","show_zoom_button":"0","zoom_button_out_step":"2","zoom_button_in_step":"3","show_post_tag":"1","show_prev_next_post":"1","show_popup_post":"1","number_popup_post":"1","show_author_box":"0","show_post_related":"0","show_inline_post_related":"0"}],"override_image_size":"0","image_override":[{"single_post_thumbnail_size":"crop-500","single_post_gallery_size":"crop-500"}],"trending_post":"0","trending_post_position":"meta","trending_post_label":"Trending","sponsored_post":"0","sponsored_post_label":"Sponsored by","sponsored_post_name":"","sponsored_post_url":"","sponsored_post_logo_enable":"0","sponsored_post_logo":"","sponsored_post_desc":""},"jnews_primary_category":{"id":""},"jnews_social_meta":{"fb_title":"","fb_description":"","fb_image":"","twitter_title":"","twitter_description":"","twitter_image":""},"jnews_review":[],"enable_review":"0","type":"percentage","name":"","summary":"","brand":"","sku":"","good":[{"good_text":""}],"bad":[{"bad_text":""}],"score_override":"","override_value":"","rating":[{"rating_text":"","rating_number":"10"}],"price":[{"shop":"","price":"","link":"","icon":""}],"jnews_override_counter":{"override_view_counter":"0","view_counter_number":"0","override_share_counter":"0","share_counter_number":"0","override_like_counter":"0","like_counter_number":"0","override_dislike_counter":"0","dislike_counter_number":"0"},"jnews_post_split":{"enable_post_split":"0","post_split":[{"template":"1","tag":"h2","numbering":"asc","mode":"normal"}]},"footnotes":""},"categories":[20,12,34],"tags":[],"class_list":["post-10874","post","type-post","status-publish","format-standard","has-post-thumbnail","hentry","category-municipales","category-rio-cuarto","category-seccionales"],"jetpack_featured_media_url":"https:\/\/atecordoba.org\/wp-content\/uploads\/2020\/05\/logo-nuevochico-e1561581322808.png","_links":{"self":[{"href":"https:\/\/atecordoba.org\/index.php?rest_route=\/wp\/v2\/posts\/10874","targetHints":{"allow":["GET"]}}],"collection":[{"href":"https:\/\/atecordoba.org\/index.php?rest_route=\/wp\/v2\/posts"}],"about":[{"href":"https:\/\/atecordoba.org\/index.php?rest_route=\/wp\/v2\/types\/post"}],"author":[{"embeddable":true,"href":"https:\/\/atecordoba.org\/index.php?rest_route=\/wp\/v2\/users\/1"}],"replies":[{"embeddable":true,"href":"https:\/\/atecordoba.org\/index.php?rest_route=%2Fwp%2Fv2%2Fcomments&post=10874"}],"version-history":[{"count":1,"href":"https:\/\/atecordoba.org\/index.php?rest_route=\/wp\/v2\/posts\/10874\/revisions"}],"predecessor-version":[{"id":19537,"href":"https:\/\/atecordoba.org\/index.php?rest_route=\/wp\/v2\/posts\/10874\/revisions\/19537"}],"wp:featuredmedia":[{"embeddable":true,"href":"https:\/\/atecordoba.org\/index.php?rest_route=\/wp\/v2\/media\/19220"}],"wp:attachment":[{"href":"https:\/\/atecordoba.org\/index.php?rest_route=%2Fwp%2Fv2%2Fmedia&parent=10874"}],"wp:term":[{"taxonomy":"category","embeddable":true,"href":"https:\/\/atecordoba.org\/index.php?rest_route=%2Fwp%2Fv2%2Fcategories&post=10874"},{"taxonomy":"post_tag","embeddable":true,"href":"https:\/\/atecordoba.org\/index.php?rest_route=%2Fwp%2Fv2%2Ftags&post=10874"}],"curies":[{"name":"wp","href":"https:\/\/api.w.org\/{rel}","templated":true}]}}