{"id":10871,"date":"2019-02-04T15:05:35","date_gmt":"2019-02-04T18:05:35","guid":{"rendered":"http:\/\/www.atecordoba.org\/?p=10871"},"modified":"2019-02-04T15:05:35","modified_gmt":"2019-02-04T18:05:35","slug":"decreto-de-ffmm-ate-realizara-un-plenario-de-dirigentes-el-jueves-proximo","status":"publish","type":"post","link":"https:\/\/atecordoba.org\/?p=10871","title":{"rendered":"Decreto de FFMM: ATE realizar\u00e1 un plenario de dirigentes el jueves pr\u00f3ximo"},"content":{"rendered":"<p><em>Ante el cambio de figura jur\u00eddica, que podr\u00eda abrir las puertas a la privatizaci\u00f3n del organismo, ATE realizar\u00e1 un encuentro de delegados del sector para determinar la prosecuci\u00f3n del plan de lucha.<\/em><\/p>\n<p><img loading=\"lazy\" decoding=\"async\" class=\"aligncenter size-full wp-image-10872\" src=\"http:\/\/www.atecordoba.org\/wp-content\/uploads\/2019\/02\/ffmm-bandera-e1549303503582.jpg\" alt=\"\" width=\"550\" height=\"367\"><\/p>\n<p>Tras el decreto presidencial <a href=\"https:\/\/www.boletinoficial.gob.ar\/?fbclid=IwAR1VnKymL4vlcJvefyAsplemb5QvZa7Kc45o7g9gB2nQlN1vaTCte-lZgpQ#!DetalleNorma\/201047\/20190201\">2019-104-APN-PTE&nbsp;<\/a>que convierte a la Direcci\u00f3n General de Fabricaciones Militares en Sociedad del Estado, ATE convoc\u00f3 a un plenario de trabajadores del sector que se realizar\u00e1 el jueves pr\u00f3ximo en la nuestra sede nacional de la ciudad de Buenos Aires.<\/p>\n<p>All\u00ed concurrir\u00e1n compa\u00f1eros de las f\u00e1bricas de R\u00edo Tercero, Villa Mar\u00eda, Fray Luis Beltran, Jachal y Sede Central para analizar la situaci\u00f3n y determinar los pasos a seguir.<\/p>\n<p>Tanto la conducci\u00f3n nacional de ATE, como las provincias y las seccionales se expresaron en repudio a la normativa, firmada por el Presidente Macri entre gallos y medianoches. &nbsp;<\/p>\n<p>Los antecedentes de medidas similares, como sucediera en la Administraci\u00f3n Nacional de Aviaci\u00f3n Civil, convertida en una empresa a disposici\u00f3n de las firmas de aviaci\u00f3n \u2018low cost\u2019, dan cuenta que el gobierno no pretende el crecimiento sino degradar condiciones de trabajo y salariales, &nbsp;introduciendo gremios amarillos que se adecuen a la pol\u00edtica de desguace del Estado y p\u00e9rdida de derechos laborales.<\/p>\n<p>Vale se\u00f1alar que el gobierno macrista viene despidiendo trabajadores del organismos casi desde su asunci\u00f3n, mientras vac\u00eda y desmantela las infraestructuras existentes, desinvirtiendo y quitando toda pol\u00edtica productiva al sector.<\/p>\n<p>En consecuencia es poco cre\u00edble el argumento que el cambio de figura jur\u00eddica apunta a mejor las condiciones productivas. Los compa\u00f1eros de las f\u00e1bricas ya apuntaron que &nbsp;en distintas oportunidades realizaron gestiones para agilizar los procesos de comercializaci\u00f3n, para no perder ventas y ganar mercados; pero la gesti\u00f3n actual solo ha demostrado desprecio por los trabajadores.<\/p>\n<p>Que no haya dudas: ATE defender\u00e1 en la calle las f\u00e1bricas, la producci\u00f3n nacional y los puestos de trabajo, como lo hicimos durante la oscura d\u00e9cada menemista. Triunfamos entonces, manteniendo el organismo en pie, ganaremos de nuevo, con la unidad del movimiento obrero.<\/p>\n<p style=\"text-align: right;\">Liliana Salerno<\/p>\n<p style=\"text-align: right;\">Secretaria General<\/p>\n","protected":false},"excerpt":{"rendered":"<p>Ante el cambio de figura jur\u00eddica, que podr\u00eda abrir las puertas a la privatizaci\u00f3n del organismo, ATE realizar\u00e1 un encuentro de delegados del sector para determinar la prosecuci\u00f3n del plan de lucha. Tras el decreto presidencial 2019-104-APN-PTE&nbsp;que convierte a la Direcci\u00f3n General de Fabricaciones Militares en Sociedad del Estado, ATE convoc\u00f3 a un plenario de [&hellip;]<\/p>\n","protected":false},"author":1,"featured_media":19220,"comment_status":"open","ping_status":"open","sticky":false,"template":"","format":"standard","meta":{"_exactmetrics_skip_tracking":false,"_exactmetrics_sitenote_active":false,"_exactmetrics_sitenote_note":"","_exactmetrics_sitenote_category":0,"jnews-multi-image_gallery":[],"jnews_single_post":[],"jnews_primary_category":[],"jnews_social_meta":[],"jnews_review":[],"enable_review":"","type":"","name":"","summary":"","brand":"","sku":"","good":[],"bad":[],"score_override":"","override_value":"","rating":[],"price":[],"jnews_override_counter":[],"jnews_post_split":[],"footnotes":""},"categories":[17,18],"tags":[],"class_list":["post-10871","post","type-post","status-publish","format-standard","has-post-thumbnail","hentry","category-fabricaciones-militares","category-nacionales"],"jetpack_featured_media_url":"https:\/\/atecordoba.org\/wp-content\/uploads\/2020\/05\/logo-nuevochico-e1561581322808.png","_links":{"self":[{"href":"https:\/\/atecordoba.org\/index.php?rest_route=\/wp\/v2\/posts\/10871","targetHints":{"allow":["GET"]}}],"collection":[{"href":"https:\/\/atecordoba.org\/index.php?rest_route=\/wp\/v2\/posts"}],"about":[{"href":"https:\/\/atecordoba.org\/index.php?rest_route=\/wp\/v2\/types\/post"}],"author":[{"embeddable":true,"href":"https:\/\/atecordoba.org\/index.php?rest_route=\/wp\/v2\/users\/1"}],"replies":[{"embeddable":true,"href":"https:\/\/atecordoba.org\/index.php?rest_route=%2Fwp%2Fv2%2Fcomments&post=10871"}],"version-history":[{"count":0,"href":"https:\/\/atecordoba.org\/index.php?rest_route=\/wp\/v2\/posts\/10871\/revisions"}],"wp:featuredmedia":[{"embeddable":true,"href":"https:\/\/atecordoba.org\/index.php?rest_route=\/wp\/v2\/media\/19220"}],"wp:attachment":[{"href":"https:\/\/atecordoba.org\/index.php?rest_route=%2Fwp%2Fv2%2Fmedia&parent=10871"}],"wp:term":[{"taxonomy":"category","embeddable":true,"href":"https:\/\/atecordoba.org\/index.php?rest_route=%2Fwp%2Fv2%2Fcategories&post=10871"},{"taxonomy":"post_tag","embeddable":true,"href":"https:\/\/atecordoba.org\/index.php?rest_route=%2Fwp%2Fv2%2Ftags&post=10871"}],"curies":[{"name":"wp","href":"https:\/\/api.w.org\/{rel}","templated":true}]}}