{"id":10866,"date":"2019-02-01T14:24:24","date_gmt":"2019-02-01T17:24:24","guid":{"rendered":"http:\/\/www.atecordoba.org\/?p=10866"},"modified":"2019-02-01T14:24:24","modified_gmt":"2019-02-01T17:24:24","slug":"ffmm-ate-rechaza-decreto-de-macri-que-abre-la-puerta-a-la-privatizacion","status":"publish","type":"post","link":"https:\/\/atecordoba.org\/?p=10866","title":{"rendered":"FFMM: ATE rechaza decreto de Macri que abre la puerta a la privatizaci\u00f3n"},"content":{"rendered":"<p><em>El Consejo Directivo Provincial repudia el intempestivo decreto presidencial publicado ayer, que cambia la figura jur\u00eddica de la Direcci\u00f3n General de Fabricaciones Militares y la transforma en Sociedad del Estado, abriendo el organismo a capitales privados<\/em>.<\/p>\n<p><img loading=\"lazy\" decoding=\"async\" class=\"aligncenter size-full wp-image-10867\" src=\"http:\/\/www.atecordoba.org\/wp-content\/uploads\/2019\/02\/11035_6285-e1549041831898.jpg\" alt=\"\" width=\"550\" height=\"367\"><\/p>\n<p>De esta forma, el gobierno de Macri golpea una vez m\u00e1s al organismo se\u00f1ero de la industria nacional, despu\u00e9s de someterlo a un trienio de despiadados ajustes que solo en 2018, en C\u00f3rdoba, significaron el despido de 178 trabajadores. Desde 2015 FFMM perdi\u00f3 el 60% del personal, incluyendo la f\u00e1brica de Azul, provincia de Buenos Aires.<\/p>\n<p>El decreto 104\/2019 argumenta que se agilizan as\u00ed los mecanismos para la compra de insumos, cuando la gesti\u00f3n actual no invirti\u00f3 nunca en insumos sino que funcion\u00f3 con los remanentes de la administraci\u00f3n anterior.<\/p>\n<p>Llama la atenci\u00f3n que se fundamente la apertura a capitales con la necesidad de inversi\u00f3n privada en momentos que \u00e9sta \u00faltima brilla por su ausencia. M\u00e1s bien pareciera una estrategia para reventar el organismo, cambiando las condiciones de trabajo \u2013dado que el decreto ordena una convocatoria para discutir un convenio colectivo de trabajo- como sucediera con hace poco tiempo con la Administraci\u00f3n Nacional de Aviaci\u00f3n Civil (ANAC), que se convirti\u00f3 en la empresa EANA y los compa\u00f1eros perdieron la estabilidad laboral, propia del trabajador estatal.<\/p>\n<p>Esta estrategia oficial golpea tambi\u00e9n a las ciudades donde FFMM est\u00e1 inserta desde su fundaci\u00f3n, en el caso de C\u00f3rdoba en Villa Mar\u00eda y R\u00edo Tercero, pero tambi\u00e9n en San Lorenzo, Santa Fe, y Jachal, San Juan, todas comunidades con riesgo sufrir un nuevo ajuste en su actividad econ\u00f3mica.<\/p>\n<p>En consecuencia, ATE mantiene y refuerza el plan de lucha que viene desarrollando en el sector, repudiando esta nueva agresi\u00f3n a los trabajadores y al patrimonio nacional.<\/p>\n","protected":false},"excerpt":{"rendered":"<p>El Consejo Directivo Provincial repudia el intempestivo decreto presidencial publicado ayer, que cambia la figura jur\u00eddica de la Direcci\u00f3n General de Fabricaciones Militares y la transforma en Sociedad del Estado, abriendo el organismo a capitales privados. De esta forma, el gobierno de Macri golpea una vez m\u00e1s al organismo se\u00f1ero de la industria nacional, despu\u00e9s [&hellip;]<\/p>\n","protected":false},"author":1,"featured_media":19220,"comment_status":"open","ping_status":"open","sticky":false,"template":"","format":"standard","meta":{"_exactmetrics_skip_tracking":false,"_exactmetrics_sitenote_active":false,"_exactmetrics_sitenote_note":"","_exactmetrics_sitenote_category":0,"jnews-multi-image_gallery":[],"jnews_single_post":[],"jnews_primary_category":[],"jnews_social_meta":[],"jnews_review":[],"enable_review":"","type":"","name":"","summary":"","brand":"","sku":"","good":[],"bad":[],"score_override":"","override_value":"","rating":[],"price":[],"jnews_override_counter":[],"jnews_post_split":[],"footnotes":""},"categories":[17,18],"tags":[],"class_list":["post-10866","post","type-post","status-publish","format-standard","has-post-thumbnail","hentry","category-fabricaciones-militares","category-nacionales"],"jetpack_featured_media_url":"https:\/\/atecordoba.org\/wp-content\/uploads\/2020\/05\/logo-nuevochico-e1561581322808.png","_links":{"self":[{"href":"https:\/\/atecordoba.org\/index.php?rest_route=\/wp\/v2\/posts\/10866","targetHints":{"allow":["GET"]}}],"collection":[{"href":"https:\/\/atecordoba.org\/index.php?rest_route=\/wp\/v2\/posts"}],"about":[{"href":"https:\/\/atecordoba.org\/index.php?rest_route=\/wp\/v2\/types\/post"}],"author":[{"embeddable":true,"href":"https:\/\/atecordoba.org\/index.php?rest_route=\/wp\/v2\/users\/1"}],"replies":[{"embeddable":true,"href":"https:\/\/atecordoba.org\/index.php?rest_route=%2Fwp%2Fv2%2Fcomments&post=10866"}],"version-history":[{"count":0,"href":"https:\/\/atecordoba.org\/index.php?rest_route=\/wp\/v2\/posts\/10866\/revisions"}],"wp:featuredmedia":[{"embeddable":true,"href":"https:\/\/atecordoba.org\/index.php?rest_route=\/wp\/v2\/media\/19220"}],"wp:attachment":[{"href":"https:\/\/atecordoba.org\/index.php?rest_route=%2Fwp%2Fv2%2Fmedia&parent=10866"}],"wp:term":[{"taxonomy":"category","embeddable":true,"href":"https:\/\/atecordoba.org\/index.php?rest_route=%2Fwp%2Fv2%2Fcategories&post=10866"},{"taxonomy":"post_tag","embeddable":true,"href":"https:\/\/atecordoba.org\/index.php?rest_route=%2Fwp%2Fv2%2Ftags&post=10866"}],"curies":[{"name":"wp","href":"https:\/\/api.w.org\/{rel}","templated":true}]}}