{"id":10863,"date":"2019-01-31T14:48:11","date_gmt":"2019-01-31T17:48:11","guid":{"rendered":"http:\/\/www.atecordoba.org\/?p=10863"},"modified":"2020-06-09T15:36:24","modified_gmt":"2020-06-09T18:36:24","slug":"ola-de-feminicidios-ate-moviliza-manana-a-plaza-de-mayo","status":"publish","type":"post","link":"https:\/\/atecordoba.org\/?p=10863","title":{"rendered":"Ola de feminicidios: ATE moviliza ma\u00f1ana a Plaza de Mayo"},"content":{"rendered":"<p><em>Ante la cantidad abrumadora de mujeres asesinadas durante enero, en reclamo de pol\u00edticas p\u00fablicas y en solidaridad con la compa\u00f1era estatal de R\u00edo Negro muerta anteayer, la conducci\u00f3n nacional de ATE convoca a marchar a Plaza de Mayo.<\/em><\/p>\n<p><em><img loading=\"lazy\" decoding=\"async\" class=\"aligncenter size-full wp-image-10864\" src=\"http:\/\/atecordoba.org\/wp-content\/uploads\/2020\/06\/campa\u00f1a-de-eeradicacion-de-la-violencia-contra-las-mujeres-e1548956788342.jpg\" alt=\"\" width=\"550\" height=\"367\"><\/em><\/p>\n<p>El Consejo Directivo Provincial se solidariza con los compa\u00f1eros del ATE R\u00edo Negro, tras conocer el asesinato de la compa\u00f1era Valeria Coppa -trabajadora de la Sennaf-, y expresa su preocupaci\u00f3n por la seguidilla de 22 mujeres muertas en enero en el marco de feminicidios, la mayor\u00eda ultimadas por sus parejas o ex parejas.&nbsp;<\/p>\n<p>Coppa fue asesinada en la plaza principal, frente a la Catedral local, de un tiro en la cabeza. El presunto victimario, su pareja, contin\u00faa pr\u00f3fugo.<\/p>\n<p>En consecuencia ATE se movilizar\u00e1 ma\u00f1ana en la ciudad de Buenos Aires para reclamar pol\u00edticas p\u00fablicas efectivas que protejan a las mujeres.&nbsp;Como lo venimos denunciando desde el acampe contra el Presupuesto Nacional, el Gobierno no toma ninguna medida de prevenci\u00f3n y efectiva erradicaci\u00f3n de las violencias, por el contrario, profundiza el vaciamiento de pol\u00edticas p\u00fablicas de g\u00e9nero. As\u00ed, el principal organismo en la materia, el Instituto Nacional de las Mujeres, cuenta con un presupuesto vergonzoso de $11.36 por mujer.<\/p>\n<p>En tal sentido, el pasado diciembre, ATE lanz\u00f3 una Campa\u00f1a Nacional por la Erradicaci\u00f3n de todas las Violencias hacia las Mujeres y personas LGTBIQ (Lesbianas, Gays, Trans y Travestis, Bisexuales, Intersex y Queer), con el fin de construir mayor unidad y articular luchas, elaborando estrategias que apunten a remover la desigualdad en las&nbsp; relaciones de poder que son la base de todas las violencias.<\/p>\n<p>La concentraci\u00f3n ser\u00e1 a las 17:30 hs en el Ex Ministerio de Salud (Lima y Moreno), para a las 18 hs marchar a Plaza de Mayo bajo las consignas \u201c\u00a1Basta de violencias de g\u00e9nero!\u201d, \u201cEmergencia en violencia de g\u00e9nero ya!\u201d, \u201c\u00a1Aborto legal ya!\u201d.<\/p>\n","protected":false},"excerpt":{"rendered":"<p>Ante la cantidad abrumadora de mujeres asesinadas durante enero, en reclamo de pol\u00edticas p\u00fablicas y en solidaridad con la compa\u00f1era estatal de R\u00edo Negro muerta anteayer, la conducci\u00f3n nacional de ATE convoca a marchar a Plaza de Mayo. El Consejo Directivo Provincial se solidariza con los compa\u00f1eros del ATE R\u00edo Negro, tras conocer el asesinato [&hellip;]<\/p>\n","protected":false},"author":1,"featured_media":19220,"comment_status":"open","ping_status":"open","sticky":false,"template":"","format":"standard","meta":{"_exactmetrics_skip_tracking":false,"_exactmetrics_sitenote_active":false,"_exactmetrics_sitenote_note":"","_exactmetrics_sitenote_category":0,"jnews-multi-image_gallery":[],"jnews_single_post":[],"jnews_primary_category":[],"jnews_social_meta":[],"jnews_review":[],"enable_review":"","type":"","name":"","summary":"","brand":"","sku":"","good":[],"bad":[],"score_override":"","override_value":"","rating":[],"price":[],"jnews_override_counter":[],"jnews_post_split":[],"footnotes":""},"categories":[325],"tags":[],"class_list":["post-10863","post","type-post","status-publish","format-standard","has-post-thumbnail","hentry","category-generos-y-diversidades"],"jetpack_featured_media_url":"https:\/\/atecordoba.org\/wp-content\/uploads\/2020\/05\/logo-nuevochico-e1561581322808.png","_links":{"self":[{"href":"https:\/\/atecordoba.org\/index.php?rest_route=\/wp\/v2\/posts\/10863","targetHints":{"allow":["GET"]}}],"collection":[{"href":"https:\/\/atecordoba.org\/index.php?rest_route=\/wp\/v2\/posts"}],"about":[{"href":"https:\/\/atecordoba.org\/index.php?rest_route=\/wp\/v2\/types\/post"}],"author":[{"embeddable":true,"href":"https:\/\/atecordoba.org\/index.php?rest_route=\/wp\/v2\/users\/1"}],"replies":[{"embeddable":true,"href":"https:\/\/atecordoba.org\/index.php?rest_route=%2Fwp%2Fv2%2Fcomments&post=10863"}],"version-history":[{"count":1,"href":"https:\/\/atecordoba.org\/index.php?rest_route=\/wp\/v2\/posts\/10863\/revisions"}],"predecessor-version":[{"id":19931,"href":"https:\/\/atecordoba.org\/index.php?rest_route=\/wp\/v2\/posts\/10863\/revisions\/19931"}],"wp:featuredmedia":[{"embeddable":true,"href":"https:\/\/atecordoba.org\/index.php?rest_route=\/wp\/v2\/media\/19220"}],"wp:attachment":[{"href":"https:\/\/atecordoba.org\/index.php?rest_route=%2Fwp%2Fv2%2Fmedia&parent=10863"}],"wp:term":[{"taxonomy":"category","embeddable":true,"href":"https:\/\/atecordoba.org\/index.php?rest_route=%2Fwp%2Fv2%2Fcategories&post=10863"},{"taxonomy":"post_tag","embeddable":true,"href":"https:\/\/atecordoba.org\/index.php?rest_route=%2Fwp%2Fv2%2Ftags&post=10863"}],"curies":[{"name":"wp","href":"https:\/\/api.w.org\/{rel}","templated":true}]}}