{"id":10856,"date":"2019-01-30T13:42:04","date_gmt":"2019-01-30T16:42:04","guid":{"rendered":"http:\/\/www.atecordoba.org\/?p=10856"},"modified":"2020-06-18T23:40:30","modified_gmt":"2020-06-19T02:40:30","slug":"bulnes-reconoce-la-representacion-de-ate-en-el-municipio","status":"publish","type":"post","link":"https:\/\/atecordoba.org\/?p=10856","title":{"rendered":"Bulnes reconoce la representaci\u00f3n de ATE en el municipio"},"content":{"rendered":"<p><em>En una reuni\u00f3n mantenida con el intendente Martin Toselli, se acord\u00f3 iniciar la relaci\u00f3n institucional en representaci\u00f3n de los trabajadores municipales de Bulnes.<\/em><\/p>\n<figure id=\"attachment_10861\" aria-describedby=\"caption-attachment-10861\" style=\"width: 550px\" class=\"wp-caption aligncenter\"><img loading=\"lazy\" decoding=\"async\" class=\"wp-image-10861 size-full\" src=\"http:\/\/atecordoba.org\/wp-content\/uploads\/2020\/06\/Bulnes-reunion-con-municipales-1-e1548866802565.jpg\" alt=\"\" width=\"550\" height=\"310\"><figcaption id=\"caption-attachment-10861\" class=\"wp-caption-text\">Reuni\u00f3n con los municipales realizada durante enero (archivo).<\/figcaption><\/figure>\n<p>El secretario General de la CTA-A, Federico Giuliani, dio cuenta de la la finalizaci\u00f3n de las gestiones tendientes a otorgar el reconocimiento de ATE en la localidad del Departamento R\u00edo Cuarto.<\/p>\n<p>Para ello se represent\u00f3&nbsp;la n\u00f3mina de afiliados y la documentaci\u00f3n de ATE. &#8220;Hemos logrado el reconocimiento institucional del sindicato asi como tambi\u00e9n el c\u00f3digo de descuento para las afiliadas y los afiliados. Tambi\u00e9n fijamos audiencia paritaria para la primer semana de febrero&#8221;, resumi\u00f3 Giuliani.<\/p>\n<p>De esta forma, contin\u00faa el proceso de organizaci\u00f3n, lucha y gesti\u00f3n para que ATE crezca en C\u00f3rdoba.<\/p>\n","protected":false},"excerpt":{"rendered":"<p>En una reuni\u00f3n mantenida con el intendente Martin Toselli, se acord\u00f3 iniciar la relaci\u00f3n institucional en representaci\u00f3n de los trabajadores municipales de Bulnes. El secretario General de la CTA-A, Federico Giuliani, dio cuenta de la la finalizaci\u00f3n de las gestiones tendientes a otorgar el reconocimiento de ATE en la localidad del Departamento R\u00edo Cuarto. Para [&hellip;]<\/p>\n","protected":false},"author":1,"featured_media":19220,"comment_status":"open","ping_status":"open","sticky":false,"template":"","format":"standard","meta":{"_exactmetrics_skip_tracking":false,"_exactmetrics_sitenote_active":false,"_exactmetrics_sitenote_note":"","_exactmetrics_sitenote_category":0,"jnews-multi-image_gallery":[],"jnews_single_post":[],"jnews_primary_category":[],"jnews_social_meta":[],"jnews_review":[],"enable_review":"","type":"","name":"","summary":"","brand":"","sku":"","good":[],"bad":[],"score_override":"","override_value":"","rating":[],"price":[],"jnews_override_counter":[],"jnews_post_split":[],"footnotes":""},"categories":[20,12,34],"tags":[],"class_list":["post-10856","post","type-post","status-publish","format-standard","has-post-thumbnail","hentry","category-municipales","category-rio-cuarto","category-seccionales"],"jetpack_featured_media_url":"https:\/\/atecordoba.org\/wp-content\/uploads\/2020\/05\/logo-nuevochico-e1561581322808.png","_links":{"self":[{"href":"https:\/\/atecordoba.org\/index.php?rest_route=\/wp\/v2\/posts\/10856","targetHints":{"allow":["GET"]}}],"collection":[{"href":"https:\/\/atecordoba.org\/index.php?rest_route=\/wp\/v2\/posts"}],"about":[{"href":"https:\/\/atecordoba.org\/index.php?rest_route=\/wp\/v2\/types\/post"}],"author":[{"embeddable":true,"href":"https:\/\/atecordoba.org\/index.php?rest_route=\/wp\/v2\/users\/1"}],"replies":[{"embeddable":true,"href":"https:\/\/atecordoba.org\/index.php?rest_route=%2Fwp%2Fv2%2Fcomments&post=10856"}],"version-history":[{"count":1,"href":"https:\/\/atecordoba.org\/index.php?rest_route=\/wp\/v2\/posts\/10856\/revisions"}],"predecessor-version":[{"id":20081,"href":"https:\/\/atecordoba.org\/index.php?rest_route=\/wp\/v2\/posts\/10856\/revisions\/20081"}],"wp:featuredmedia":[{"embeddable":true,"href":"https:\/\/atecordoba.org\/index.php?rest_route=\/wp\/v2\/media\/19220"}],"wp:attachment":[{"href":"https:\/\/atecordoba.org\/index.php?rest_route=%2Fwp%2Fv2%2Fmedia&parent=10856"}],"wp:term":[{"taxonomy":"category","embeddable":true,"href":"https:\/\/atecordoba.org\/index.php?rest_route=%2Fwp%2Fv2%2Fcategories&post=10856"},{"taxonomy":"post_tag","embeddable":true,"href":"https:\/\/atecordoba.org\/index.php?rest_route=%2Fwp%2Fv2%2Ftags&post=10856"}],"curies":[{"name":"wp","href":"https:\/\/api.w.org\/{rel}","templated":true}]}}