{"id":10852,"date":"2019-01-29T11:37:19","date_gmt":"2019-01-29T14:37:19","guid":{"rendered":"http:\/\/www.atecordoba.org\/?p=10852"},"modified":"2020-07-02T11:44:17","modified_gmt":"2020-07-02T14:44:17","slug":"reincorporan-a-la-trabajadora-despedida-de-anses-rio-cuarto","status":"publish","type":"post","link":"https:\/\/atecordoba.org\/?p=10852","title":{"rendered":"Reincorporan a la trabajadora despedida de ANSES R\u00edo\u00a0Cuarto"},"content":{"rendered":"<div class=\"posttitle\">\n<p class=\"postmetadata\"><em>La compa\u00f1era hab\u00eda sido cesanteada arbitrariamente mientras se encontraba de licencia por enfermedad.<\/em><\/p>\n<figure id=\"attachment_10853\" aria-describedby=\"caption-attachment-10853\" style=\"width: 550px\" class=\"wp-caption aligncenter\"><img loading=\"lazy\" decoding=\"async\" class=\"wp-image-10853 size-full\" src=\"http:\/\/www.atecordoba.org\/wp-content\/uploads\/2019\/01\/anses-rio-cuarto-e1548772453327.jpg\" alt=\"\" width=\"550\" height=\"323\"><figcaption id=\"caption-attachment-10853\" class=\"wp-caption-text\">La UDAI de Anses R\u00edo Cuarto durante una protesta, imagen de archivo.<\/figcaption><\/figure>\n<\/div>\n<div class=\"entry\">\n<p>\u201cLa Mesa Nacional de ATE-ANSES, comunica que la compa\u00f1era despedida de R\u00edo Cuarto, por un error t\u00e9cnico, ha sido reincorporada, gracias a la lucha de las compa\u00f1eras y compa\u00f1eros de dicha UDAI es que se pudieron llevar gestiones nuestras con una pronta y favorable resoluci\u00f3n\u201d, se\u00f1al\u00f3 la Paritaria Nacional de ATE-ANSES e integrante del CDP C\u00f3rdoba, Eugenia Palacio.<\/p>\n<p>El despido de&nbsp;la trabajadora Norma Del Carmen Spinach&nbsp;era un absurdo t\u00e9cnico y se produjo cuando Spinach transit\u00f3 el paso aduanero de Tierra del Fuego por el canal de Beagle. La compa\u00f1era se encontraba en el sur del pa\u00eds haciendo uso de su Licencia Anual Reglamentaria cuando sufri\u00f3 un accidente que la oblig\u00f3 a solicitar una licencia por enfermedad, bajo la cual no est\u00e1 permitido salir del pa\u00eds. Tan solo horas a bordo del barco chileno, el \u00fanico que brinda el servicio de cruce fronterizo, bastaron para que la trabajadora fuera despedida, demostrando una falta de interpretaci\u00f3n desmedida y arbitraria por parte del departamento de recursos humanos de ANSES.<\/p>\n<p><span class=\"_5yl5\">La semana pasada Palacio mantuvo una reuni\u00f3n,&nbsp;en Buenos Aires, con la directora de Recursos Humanos, Ana Chamosa, donde se solicit\u00f3 la reincorporaci\u00f3n de nuestra compa\u00f1era despedida de manera injusta y arbitraria.<\/span><\/p>\n<p><span class=\"_5yl5\">As\u00ed, desde Recursos Humanos se le solicit\u00f3 una nota ampliatoria de su descargo para avanzar en su reincorporaci\u00f3n y esperamos una pronta y favorable resoluci\u00f3n al respecto.<\/span><\/p>\n<p>ATE, junto a los gremios sectoriales, asumieron conjuntamente la defensa de Spinach, realizando asambleas en la UDAI R\u00edo Cuarto para solidarizarse con la compa\u00f1era despedida y luego reincorporada.<\/p>\n<\/div>\n","protected":false},"excerpt":{"rendered":"<p>La compa\u00f1era hab\u00eda sido cesanteada arbitrariamente mientras se encontraba de licencia por enfermedad. \u201cLa Mesa Nacional de ATE-ANSES, comunica que la compa\u00f1era despedida de R\u00edo Cuarto, por un error t\u00e9cnico, ha sido reincorporada, gracias a la lucha de las compa\u00f1eras y compa\u00f1eros de dicha UDAI es que se pudieron llevar gestiones nuestras con una pronta [&hellip;]<\/p>\n","protected":false},"author":1,"featured_media":19220,"comment_status":"open","ping_status":"open","sticky":false,"template":"","format":"standard","meta":{"_exactmetrics_skip_tracking":false,"_exactmetrics_sitenote_active":false,"_exactmetrics_sitenote_note":"","_exactmetrics_sitenote_category":0,"jnews-multi-image_gallery":[],"jnews_single_post":[],"jnews_primary_category":[],"jnews_social_meta":[],"jnews_review":[],"enable_review":"","type":"","name":"","summary":"","brand":"","sku":"","good":[],"bad":[],"score_override":"","override_value":"","rating":[],"price":[],"jnews_override_counter":[],"jnews_post_split":[],"footnotes":""},"categories":[18],"tags":[38],"class_list":["post-10852","post","type-post","status-publish","format-standard","has-post-thumbnail","hentry","category-nacionales","tag-anses"],"jetpack_featured_media_url":"https:\/\/atecordoba.org\/wp-content\/uploads\/2020\/05\/logo-nuevochico-e1561581322808.png","_links":{"self":[{"href":"https:\/\/atecordoba.org\/index.php?rest_route=\/wp\/v2\/posts\/10852","targetHints":{"allow":["GET"]}}],"collection":[{"href":"https:\/\/atecordoba.org\/index.php?rest_route=\/wp\/v2\/posts"}],"about":[{"href":"https:\/\/atecordoba.org\/index.php?rest_route=\/wp\/v2\/types\/post"}],"author":[{"embeddable":true,"href":"https:\/\/atecordoba.org\/index.php?rest_route=\/wp\/v2\/users\/1"}],"replies":[{"embeddable":true,"href":"https:\/\/atecordoba.org\/index.php?rest_route=%2Fwp%2Fv2%2Fcomments&post=10852"}],"version-history":[{"count":1,"href":"https:\/\/atecordoba.org\/index.php?rest_route=\/wp\/v2\/posts\/10852\/revisions"}],"predecessor-version":[{"id":20563,"href":"https:\/\/atecordoba.org\/index.php?rest_route=\/wp\/v2\/posts\/10852\/revisions\/20563"}],"wp:featuredmedia":[{"embeddable":true,"href":"https:\/\/atecordoba.org\/index.php?rest_route=\/wp\/v2\/media\/19220"}],"wp:attachment":[{"href":"https:\/\/atecordoba.org\/index.php?rest_route=%2Fwp%2Fv2%2Fmedia&parent=10852"}],"wp:term":[{"taxonomy":"category","embeddable":true,"href":"https:\/\/atecordoba.org\/index.php?rest_route=%2Fwp%2Fv2%2Fcategories&post=10852"},{"taxonomy":"post_tag","embeddable":true,"href":"https:\/\/atecordoba.org\/index.php?rest_route=%2Fwp%2Fv2%2Ftags&post=10852"}],"curies":[{"name":"wp","href":"https:\/\/api.w.org\/{rel}","templated":true}]}}