{"id":1085,"date":"2010-10-22T04:06:31","date_gmt":"2010-10-22T07:06:31","guid":{"rendered":"http:\/\/www.atecordoba.org\/?p=1085"},"modified":"2010-10-22T04:06:31","modified_gmt":"2010-10-22T07:06:31","slug":"multitudinaria-movilizacion-en-cordoba","status":"publish","type":"post","link":"https:\/\/atecordoba.org\/?p=1085","title":{"rendered":"Multitudinaria movilizaci\u00f3n en C\u00f3rdoba"},"content":{"rendered":"<p style=\"text-align: center;\"><a href=\"http:\/\/www.atecordoba.org\/wp-content\/uploads\/2012\/07\/arton80.jpg\"><img loading=\"lazy\" decoding=\"async\" class=\"aligncenter  wp-image-1086\" title=\"arton80\" src=\"http:\/\/www.atecordoba.org\/wp-content\/uploads\/2012\/07\/arton80.jpg\" alt=\"\" width=\"532\" height=\"399\" \/><\/a><\/p>\n<p style=\"text-align: center;\">\n<div>\n<div dir=\"ltr\">\n<p style=\"text-align: justify;\"><strong>(C\u00f3rdoba 22-10-2010) Unos 10 mil compa\u00f1eros de marcharon por el centro de la ciudad, entre ellas CTA, para repudiar la muerte del militante del Partido Obrero, ocurrida el mi\u00e9rcoles pasado cuando una patota de la Uni\u00f3n Ferroviaria atac\u00f3 a un grupo de obreros tercerizados que exig\u00edan estabilidad laboral y reincorporaciones.<\/strong><\/p>\n<\/div>\n<\/div>\n<div>\n<div dir=\"ltr\">\n<p style=\"text-align: justify;\">Alrededor de las 18 horas, la inmenza columna, encabezada por los estudiantes secundarios que se encuentra en conflicto con el gobierno provincial, parti\u00f3 desde Col\u00f3n y General Paz para dirigirse, primero hasta el Patio Olmos y posteriormente hasta Casa de Gobierno. Se encontraron en el lugar organizaciones pol\u00edticas, sociales, de derechos humanos, estudiantiles, incluidas oficialistas, sindicales, aun aquellas que pertenecen a la CGT como el Sindicato de Empleados Municipales deC\u00f3rdoba Capital.<\/p>\n<p style=\"text-align: justify;\">Durante la jornada, la Central de Trabajadores de la Argentina (CTA) y sus organizaciones de base realizaron un paro nacional en solidaridad por los hechos ocurridos el mi\u00e9rcoles en el barrio orte\u00f1o de Barracas, cuando un grupo de la Uni\u00f3n Ferroviaria (UF) embosc\u00f3 a trabajadores tercerizados que exig\u00edan la la reincorporaci\u00f3n de despedidos y el pase a la planta permanente del Ferrocarril Roca. All\u00ed se produjo la muerte de Ferreyra y a\u00fan se encuentra en estado reservado con un disparo en el cr\u00e1neo Elsa Rodr\u00edguez.<\/p>\n<p style=\"text-align: justify;\">En 2002 dos j\u00f3venes fueron asesinados a sangre fr\u00eda por la polic\u00eda de la provincia de Buenos Aires, Dar\u00edo Santill\u00e1n y Maximiliano Kostecki. Ayer muchos manifestantes mencionaban la similtud de los hechos, la trayectoria de militancia y solidaridad de los tres j\u00f3venes asesinados, su edad y la tristeza que da la p\u00e9rdida de personas con esas cualidades.<\/p>\n<p style=\"text-align: justify;\">Durante la movilizaci\u00f3n estuvieron presentes Oscar Mengarelli, secretario General CTA provincia de C\u00f3rdoba, Guida Dreizik, recientemente elegido como secretario General de CTA C\u00f3rdoba Capital, Mar\u00eda Teresa Romero, secretaria General de ATE C\u00f3rdoba, junto a la mayor\u00eda del CDP de nuestra organizaci\u00f3n.<\/p>\n<p style=\"text-align: justify;\">La marcha tuvo una masividad que no ve\u00eda hace tiempo en C\u00f3rdoba. En la v\u00edspera, la CTA C\u00f3rdoba emiti\u00f3 un comunicado donde exigi\u00f3 que &#8220;la justicia establezca qui\u00e9nes son los autores del infame crimen. Al mismo tiempo, denunciamos que estas situaciones son el resultado de la falta de aplicaci\u00f3n por parte del gobierno nacional de la democracia sindical en nuestro pa\u00eds, medida que ya cuenta con el aval de la Corte Suprema de Justicia de la Naci\u00f3n y las permanentes recomendaciones de la Organizaci\u00f3n Internacional del Trabajo&#8221;.<\/p>\n<p style=\"text-align: justify;\">Y agreg\u00f3: &#8220;as\u00ed, mientras los trabajadores ven cercenado su derecho constitucional a la libre agremiaci\u00f3n, las patotas mafiosas de la burocracia sindical, enquistadas en el movimiento obrero, pretenden encuadrar con una violencia brutal a quienes no se sienten representados. Al mismo tiempo, estas patotas act\u00faan como meros mercenarios de las empresas, garantiz\u00e1ndoles la defensa de los intereses patronales, en contra de la leg\u00edtima lucha de los trabajadores.<\/p>\n<p style=\"text-align: justify;\">&#8220;De la misma manera actu\u00f3 una patota del gremio camionero en el conflicto de los trabajadores de la empresa Brinks en C\u00f3rdoba, ante el despido de los trabajadores por parte de la firma, respaldando a la patronal y agrediendo a los compa\u00f1eros del Sindicato de Recaudadores y Custodios de Valores y Afines de C\u00f3rdoba (Sirecuva-CTA) que se manifestaban en el lugar&#8221;.<\/p>\n<p style=\"text-align: justify;\">&#8220;De la CTA enviamos nuestras condolencias a la familia de Ferreira y de las dem\u00e1s v\u00edctimas de ataque, a la vez que nos comprometemos a continuar luchando para que la democracia se instale finalmente en el seno del movimiento obrero&#8221;.<\/p>\n<\/div>\n<\/div>\n","protected":false},"excerpt":{"rendered":"<p>(C\u00f3rdoba 22-10-2010) Unos 10 mil compa\u00f1eros de marcharon por el centro de la ciudad, entre ellas CTA, para repudiar la muerte del militante del Partido Obrero, ocurrida el mi\u00e9rcoles pasado cuando una patota de la Uni\u00f3n Ferroviaria atac\u00f3 a un grupo de obreros tercerizados que exig\u00edan estabilidad laboral y reincorporaciones. Alrededor de las 18 horas, [&hellip;]<\/p>\n","protected":false},"author":1,"featured_media":19220,"comment_status":"open","ping_status":"open","sticky":false,"template":"","format":"standard","meta":{"_exactmetrics_skip_tracking":false,"_exactmetrics_sitenote_active":false,"_exactmetrics_sitenote_note":"","_exactmetrics_sitenote_category":0,"jnews-multi-image_gallery":[],"jnews_single_post":[],"jnews_primary_category":[],"jnews_social_meta":[],"jnews_review":[],"enable_review":"","type":"","name":"","summary":"","brand":"","sku":"","good":[],"bad":[],"score_override":"","override_value":"","rating":[],"price":[],"jnews_override_counter":[],"jnews_post_split":[],"footnotes":""},"categories":[8],"tags":[11,31,37],"class_list":["post-1085","post","type-post","status-publish","format-standard","has-post-thumbnail","hentry","category-provinciales","tag-noticias-2","tag-provinciales-2","tag-sta"],"jetpack_featured_media_url":"https:\/\/atecordoba.org\/wp-content\/uploads\/2020\/05\/logo-nuevochico-e1561581322808.png","_links":{"self":[{"href":"https:\/\/atecordoba.org\/index.php?rest_route=\/wp\/v2\/posts\/1085","targetHints":{"allow":["GET"]}}],"collection":[{"href":"https:\/\/atecordoba.org\/index.php?rest_route=\/wp\/v2\/posts"}],"about":[{"href":"https:\/\/atecordoba.org\/index.php?rest_route=\/wp\/v2\/types\/post"}],"author":[{"embeddable":true,"href":"https:\/\/atecordoba.org\/index.php?rest_route=\/wp\/v2\/users\/1"}],"replies":[{"embeddable":true,"href":"https:\/\/atecordoba.org\/index.php?rest_route=%2Fwp%2Fv2%2Fcomments&post=1085"}],"version-history":[{"count":0,"href":"https:\/\/atecordoba.org\/index.php?rest_route=\/wp\/v2\/posts\/1085\/revisions"}],"wp:featuredmedia":[{"embeddable":true,"href":"https:\/\/atecordoba.org\/index.php?rest_route=\/wp\/v2\/media\/19220"}],"wp:attachment":[{"href":"https:\/\/atecordoba.org\/index.php?rest_route=%2Fwp%2Fv2%2Fmedia&parent=1085"}],"wp:term":[{"taxonomy":"category","embeddable":true,"href":"https:\/\/atecordoba.org\/index.php?rest_route=%2Fwp%2Fv2%2Fcategories&post=1085"},{"taxonomy":"post_tag","embeddable":true,"href":"https:\/\/atecordoba.org\/index.php?rest_route=%2Fwp%2Fv2%2Ftags&post=1085"}],"curies":[{"name":"wp","href":"https:\/\/api.w.org\/{rel}","templated":true}]}}