{"id":10848,"date":"2019-01-24T15:24:41","date_gmt":"2019-01-24T18:24:41","guid":{"rendered":"http:\/\/www.atecordoba.org\/?p=10848"},"modified":"2019-01-24T15:24:41","modified_gmt":"2019-01-24T18:24:41","slug":"ate-logro-reincorporaciones-y-freno-traslados-en-pensiones","status":"publish","type":"post","link":"https:\/\/atecordoba.org\/?p=10848","title":{"rendered":"ATE logr\u00f3 reincorporaciones y fren\u00f3 traslados en Pensiones"},"content":{"rendered":"<p><em>Seis trabajadores\/as fueron despedidos luego de ganar pases a planta, mientras que a 24 los quer\u00edan trasladar a Buenos Aires.<\/em><\/p>\n<p><img loading=\"lazy\" decoding=\"async\" class=\"aligncenter size-full wp-image-10849\" src=\"http:\/\/www.atecordoba.org\/wp-content\/uploads\/2019\/01\/WhatsApp-Image-2019-01-24-at-15.19.55-e1548354021429.jpeg\" alt=\"\" width=\"550\" height=\"309\"><\/p>\n<p>Despu\u00e9s de meses de trabajo e intensas negociaciones, ATE consigui\u00f3 que los seis trabajadores\/as que hab\u00edan sido despedidos en 2018, luego de concursar por el pase a planta en 2017, tomen sus cargos a partir del 1\u00aa de febrero en los Centros de Referencia de sus provincias. A su vez, el 1\u00ba de abril, los 24 provenientes de los Centros de Atenci\u00f3n Locales del interior, que concursaron y a quienes quer\u00edan trasladar a Buenos Aires, asumir\u00e1n sus cargos en sus respectivas provincias.<\/p>\n<p>Desde ATE reivindicamos este logro que se obtuvo a partir del trabajo conjunto del Consejo Directivo Nacional de ATE, de su equipo legal, de la junta interna y, por supuesto, gracias a la fuerza de los compa\u00f1eros despedidos que exigieron sus vacantes.<\/p>\n<p>Estuvieron presentes compa\u00f1eros\/as de C\u00f3rdoba, Santa Fe, Catamarca, Chubut, Jujuy, Rio Negro, Santa Cruz, San Juan, Misiones, Mendoza, La Pampa, Entre R\u00edos, Santiago del Estero y Mercedes Provincia de Buenos Aires.<\/p>\n<p>Fue un largo camino de gestiones que se inici\u00f3 en abril 2018 con trabajadores\/as que hab\u00edan concursado el pase a planta. En un principio los mismos pertenec\u00edan a la Comisi\u00f3n Nacional perteneciente al Ministerio de Desarrollo Social de la Naci\u00f3n habiendo concursado sus cargos, luego fueron transferidos a la Agencia, raz\u00f3n por la cual los compa\u00f1eros\/as quedaron en el medio de la situaci\u00f3n.<\/p>\n<p>A partir de all\u00ed se iniciaron gestiones con la Direcci\u00f3n de Recursos Humanos y finalmente el 22 de enero se acuerdan las reincorporaciones y se logran frenar los traslados, consiguiendo los cargos de planta permanentes para todos los concursados\/as y el reingreso de 6 compa\u00f1eros\/as despedidos en Abril.<\/p>\n<p>En la Provincia de C\u00f3rdoba los compa\u00f1eros reinstalados fueron: Cintia Conesta, Andrea Villegas y Santiago Orsi.<\/p>\n<p><img loading=\"lazy\" decoding=\"async\" class=\"aligncenter size-full wp-image-10850\" src=\"http:\/\/www.atecordoba.org\/wp-content\/uploads\/2019\/01\/WhatsApp-Image-2019-01-24-at-15.20.46-e1548354119247.jpeg\" alt=\"\" width=\"550\" height=\"413\"><\/p>\n<p>Este logro responde a un trabajo conjunto del que participaron, Pablo Spataro, Flavio Vergara y Eduardo De Gennaro del CDN, Ricardo Reyna del CDP de C\u00f3rdoba, Eliana Fernandez delegada de ATE pensiones, con el acompa\u00f1amiento de las 14 provincias antes mencionadas.<\/p>\n<p>Cabe destacar que a pesar de este logro contin\u00faa el vaciamiento, los cierres de centros de atenci\u00f3n y siguen trasladando compa\u00f1eros\/as de los centros de atenci\u00f3n local del Conurbano a ANSES, SENAF, al Correo Argentino. Por ello, desde ATE, seguimos resistiendo.<\/p>\n","protected":false},"excerpt":{"rendered":"<p>Seis trabajadores\/as fueron despedidos luego de ganar pases a planta, mientras que a 24 los quer\u00edan trasladar a Buenos Aires. Despu\u00e9s de meses de trabajo e intensas negociaciones, ATE consigui\u00f3 que los seis trabajadores\/as que hab\u00edan sido despedidos en 2018, luego de concursar por el pase a planta en 2017, tomen sus cargos a partir [&hellip;]<\/p>\n","protected":false},"author":1,"featured_media":19220,"comment_status":"open","ping_status":"open","sticky":false,"template":"","format":"standard","meta":{"_exactmetrics_skip_tracking":false,"_exactmetrics_sitenote_active":false,"_exactmetrics_sitenote_note":"","_exactmetrics_sitenote_category":0,"jnews-multi-image_gallery":[],"jnews_single_post":[],"jnews_primary_category":[],"jnews_social_meta":[],"jnews_review":[],"enable_review":"","type":"","name":"","summary":"","brand":"","sku":"","good":[],"bad":[],"score_override":"","override_value":"","rating":[],"price":[],"jnews_override_counter":[],"jnews_post_split":[],"footnotes":""},"categories":[18],"tags":[],"class_list":["post-10848","post","type-post","status-publish","format-standard","has-post-thumbnail","hentry","category-nacionales"],"jetpack_featured_media_url":"https:\/\/atecordoba.org\/wp-content\/uploads\/2020\/05\/logo-nuevochico-e1561581322808.png","_links":{"self":[{"href":"https:\/\/atecordoba.org\/index.php?rest_route=\/wp\/v2\/posts\/10848","targetHints":{"allow":["GET"]}}],"collection":[{"href":"https:\/\/atecordoba.org\/index.php?rest_route=\/wp\/v2\/posts"}],"about":[{"href":"https:\/\/atecordoba.org\/index.php?rest_route=\/wp\/v2\/types\/post"}],"author":[{"embeddable":true,"href":"https:\/\/atecordoba.org\/index.php?rest_route=\/wp\/v2\/users\/1"}],"replies":[{"embeddable":true,"href":"https:\/\/atecordoba.org\/index.php?rest_route=%2Fwp%2Fv2%2Fcomments&post=10848"}],"version-history":[{"count":0,"href":"https:\/\/atecordoba.org\/index.php?rest_route=\/wp\/v2\/posts\/10848\/revisions"}],"wp:featuredmedia":[{"embeddable":true,"href":"https:\/\/atecordoba.org\/index.php?rest_route=\/wp\/v2\/media\/19220"}],"wp:attachment":[{"href":"https:\/\/atecordoba.org\/index.php?rest_route=%2Fwp%2Fv2%2Fmedia&parent=10848"}],"wp:term":[{"taxonomy":"category","embeddable":true,"href":"https:\/\/atecordoba.org\/index.php?rest_route=%2Fwp%2Fv2%2Fcategories&post=10848"},{"taxonomy":"post_tag","embeddable":true,"href":"https:\/\/atecordoba.org\/index.php?rest_route=%2Fwp%2Fv2%2Ftags&post=10848"}],"curies":[{"name":"wp","href":"https:\/\/api.w.org\/{rel}","templated":true}]}}