{"id":10844,"date":"2019-01-24T11:28:53","date_gmt":"2019-01-24T14:28:53","guid":{"rendered":"http:\/\/www.atecordoba.org\/?p=10844"},"modified":"2020-06-18T23:40:30","modified_gmt":"2020-06-19T02:40:30","slug":"las-vertientes-ate-consigue-codigo-de-descuentos-de-afiliados","status":"publish","type":"post","link":"https:\/\/atecordoba.org\/?p=10844","title":{"rendered":"Las Vertientes: ATE consigue c\u00f3digo de descuentos de afiliados"},"content":{"rendered":"<p>&nbsp;<\/p>\n<p>En reuni\u00f3n con el Intendente Miguel Melano y tras 14 d\u00edas desde el pedido formal, representantes de ATE lograron la inclusi\u00f3n del c\u00f3digo de descuento para afiliados al gremio, mientras que tambi\u00e9n se exigi\u00f3 un aumento salarial como la actualizaci\u00f3n de algunos \u00edtems, entre ellos tarea insalubre y presentismo.<\/p>\n<p>&nbsp;<\/p>\n<p><img loading=\"lazy\" decoding=\"async\" class=\"aligncenter size-full wp-image-10831\" src=\"http:\/\/atecordoba.org\/wp-content\/uploads\/2020\/06\/WhatsApp-Image-2019-01-23-at-12.39.00-e1548259753396.jpg\" alt=\"\" width=\"550\" height=\"310\"><\/p>\n<p>&nbsp;<\/p>\n<p>Asistieron a la Negociaci\u00f3n Federico Giuliani y Waldo Romero, delegados locales, quienes se presentar\u00e1n a una nueva audiencia el d\u00eda 4 de febrero en espera a una respuesta favorable a los pedidos antes citados. ATE lucha, gestiona, organiza y crece.<\/p>\n<p>&nbsp;<\/p>\n<p><img loading=\"lazy\" decoding=\"async\" class=\"aligncenter size-full wp-image-10845\" src=\"http:\/\/atecordoba.org\/wp-content\/uploads\/2020\/06\/WhatsApp-Image-2019-01-23-at-14.28.30-e1548339902283.jpg\" alt=\"\" width=\"550\" height=\"268\"><\/p>\n","protected":false},"excerpt":{"rendered":"<p>&nbsp; En reuni\u00f3n con el Intendente Miguel Melano y tras 14 d\u00edas desde el pedido formal, representantes de ATE lograron la inclusi\u00f3n del c\u00f3digo de descuento para afiliados al gremio, mientras que tambi\u00e9n se exigi\u00f3 un aumento salarial como la actualizaci\u00f3n de algunos \u00edtems, entre ellos tarea insalubre y presentismo. &nbsp; &nbsp; Asistieron a la [&hellip;]<\/p>\n","protected":false},"author":1,"featured_media":19220,"comment_status":"open","ping_status":"open","sticky":false,"template":"","format":"standard","meta":{"_exactmetrics_skip_tracking":false,"_exactmetrics_sitenote_active":false,"_exactmetrics_sitenote_note":"","_exactmetrics_sitenote_category":0,"jnews-multi-image_gallery":[],"jnews_single_post":[],"jnews_primary_category":[],"jnews_social_meta":[],"jnews_review":[],"enable_review":"","type":"","name":"","summary":"","brand":"","sku":"","good":[],"bad":[],"score_override":"","override_value":"","rating":[],"price":[],"jnews_override_counter":[],"jnews_post_split":[],"footnotes":""},"categories":[118,20],"tags":[],"class_list":["post-10844","post","type-post","status-publish","format-standard","has-post-thumbnail","hentry","category-legales","category-municipales"],"jetpack_featured_media_url":"https:\/\/atecordoba.org\/wp-content\/uploads\/2020\/05\/logo-nuevochico-e1561581322808.png","_links":{"self":[{"href":"https:\/\/atecordoba.org\/index.php?rest_route=\/wp\/v2\/posts\/10844","targetHints":{"allow":["GET"]}}],"collection":[{"href":"https:\/\/atecordoba.org\/index.php?rest_route=\/wp\/v2\/posts"}],"about":[{"href":"https:\/\/atecordoba.org\/index.php?rest_route=\/wp\/v2\/types\/post"}],"author":[{"embeddable":true,"href":"https:\/\/atecordoba.org\/index.php?rest_route=\/wp\/v2\/users\/1"}],"replies":[{"embeddable":true,"href":"https:\/\/atecordoba.org\/index.php?rest_route=%2Fwp%2Fv2%2Fcomments&post=10844"}],"version-history":[{"count":1,"href":"https:\/\/atecordoba.org\/index.php?rest_route=\/wp\/v2\/posts\/10844\/revisions"}],"predecessor-version":[{"id":20348,"href":"https:\/\/atecordoba.org\/index.php?rest_route=\/wp\/v2\/posts\/10844\/revisions\/20348"}],"wp:featuredmedia":[{"embeddable":true,"href":"https:\/\/atecordoba.org\/index.php?rest_route=\/wp\/v2\/media\/19220"}],"wp:attachment":[{"href":"https:\/\/atecordoba.org\/index.php?rest_route=%2Fwp%2Fv2%2Fmedia&parent=10844"}],"wp:term":[{"taxonomy":"category","embeddable":true,"href":"https:\/\/atecordoba.org\/index.php?rest_route=%2Fwp%2Fv2%2Fcategories&post=10844"},{"taxonomy":"post_tag","embeddable":true,"href":"https:\/\/atecordoba.org\/index.php?rest_route=%2Fwp%2Fv2%2Ftags&post=10844"}],"curies":[{"name":"wp","href":"https:\/\/api.w.org\/{rel}","templated":true}]}}