{"id":10825,"date":"2019-01-22T12:05:51","date_gmt":"2019-01-22T15:05:51","guid":{"rendered":"http:\/\/www.atecordoba.org\/?p=10825"},"modified":"2019-01-22T12:05:51","modified_gmt":"2019-01-22T15:05:51","slug":"inflacion-2018-la-mas-alta-en-tres-decadas","status":"publish","type":"post","link":"https:\/\/atecordoba.org\/?p=10825","title":{"rendered":"Inflaci\u00f3n 2018: La m\u00e1s alta en tres d\u00e9cadas"},"content":{"rendered":"<p><em>El \u00faltimo a\u00f1o registr\u00f3 una inflaci\u00f3n del 47,6 % interanual, la cifra m\u00e1s alta desde 1991, impulsada por la fuerte devaluaci\u00f3n, tarifazos y falta de controles sobre los formadores de precios.<\/em><\/p>\n<p><em><img loading=\"lazy\" decoding=\"async\" class=\"aligncenter size-full wp-image-10827\" src=\"http:\/\/www.atecordoba.org\/wp-content\/uploads\/2019\/01\/inflacion-e1548169354202.jpg\" alt=\"\" width=\"550\" height=\"417\"><\/em><\/p>\n<p>Las principales subas del a\u00f1o se registraron en dos sectores sensibles: Transporte (66,8%) &#8211; por el incremento de tarifas- y alimentos y bebidas no alcoh\u00f3licas (51,2%) -por el impacto de la devaluaci\u00f3n-.<\/p>\n<p>Muy lejos queda la promesa electoral del presidente Macri donde promet\u00eda poner a la inflaci\u00f3n como prioridad econ\u00f3mica y traicionando sus propias palabras (El 16 de mayo de 2014, el presidente dijo \u201cLa inflaci\u00f3n es la demostraci\u00f3n de tu incapacidad para gobernar \u201d), hoy, finalizando su gesti\u00f3n, la inflaci\u00f3n alcanza el valor m\u00e1s alto en 27 a\u00f1os, solo superado por la Hiperinflaci\u00f3n del a\u00f1o 1991.<\/p>\n<p>&nbsp;<\/p>\n<p><img loading=\"lazy\" decoding=\"async\" class=\"aligncenter size-full wp-image-10826\" src=\"http:\/\/www.atecordoba.org\/wp-content\/uploads\/2019\/01\/inflacion.jpg_888881121-e1548169449924.png\" alt=\"\" width=\"550\" height=\"329\"><\/p>\n<p>&nbsp;<\/p>\n<p><strong><u>Salarios insuficientes <\/u><\/strong><\/p>\n<p>La pauta salarial del 15% para la Administraci\u00f3n P\u00fablica Nacional fue escasa.&nbsp;Ni el pago de las 4 sumas fijas otorgadas con los sueldos de junio, octubre, noviembre y diciembre respectivamente alcanzaron para compensar la p\u00e9rdida salarial que tuvimos los trabajadores estatales producto de una inflaci\u00f3n descontrolada que ha cerrado en un 47,6% interanual. Lo mismo sucedi\u00f3 en la Provincia de C\u00f3rdoba donde si bien el acuerdo fue considerablemente mejor, del 36%, tambi\u00e9n qued\u00f3 por debajo de la cifra inflacionaria record del 2018.<\/p>\n<p>Es necesaria una recomposici\u00f3n salarial para todas\/os los\/as trabajadoras\/es independientemente de su forma de contrataci\u00f3n y es urgente una apertura de paritarias que supere el aumento del costo de vida que impone la actual gesti\u00f3n nacional.<\/p>\n","protected":false},"excerpt":{"rendered":"<p>El \u00faltimo a\u00f1o registr\u00f3 una inflaci\u00f3n del 47,6 % interanual, la cifra m\u00e1s alta desde 1991, impulsada por la fuerte devaluaci\u00f3n, tarifazos y falta de controles sobre los formadores de precios. Las principales subas del a\u00f1o se registraron en dos sectores sensibles: Transporte (66,8%) &#8211; por el incremento de tarifas- y alimentos y bebidas no [&hellip;]<\/p>\n","protected":false},"author":1,"featured_media":19220,"comment_status":"open","ping_status":"open","sticky":false,"template":"","format":"standard","meta":{"_exactmetrics_skip_tracking":false,"_exactmetrics_sitenote_active":false,"_exactmetrics_sitenote_note":"","_exactmetrics_sitenote_category":0,"jnews-multi-image_gallery":[],"jnews_single_post":[],"jnews_primary_category":[],"jnews_social_meta":[],"jnews_review":[],"enable_review":"","type":"","name":"","summary":"","brand":"","sku":"","good":[],"bad":[],"score_override":"","override_value":"","rating":[],"price":[],"jnews_override_counter":[],"jnews_post_split":[],"footnotes":""},"categories":[1],"tags":[],"class_list":["post-10825","post","type-post","status-publish","format-standard","has-post-thumbnail","hentry","category-sin-categoria"],"jetpack_featured_media_url":"https:\/\/atecordoba.org\/wp-content\/uploads\/2020\/05\/logo-nuevochico-e1561581322808.png","_links":{"self":[{"href":"https:\/\/atecordoba.org\/index.php?rest_route=\/wp\/v2\/posts\/10825","targetHints":{"allow":["GET"]}}],"collection":[{"href":"https:\/\/atecordoba.org\/index.php?rest_route=\/wp\/v2\/posts"}],"about":[{"href":"https:\/\/atecordoba.org\/index.php?rest_route=\/wp\/v2\/types\/post"}],"author":[{"embeddable":true,"href":"https:\/\/atecordoba.org\/index.php?rest_route=\/wp\/v2\/users\/1"}],"replies":[{"embeddable":true,"href":"https:\/\/atecordoba.org\/index.php?rest_route=%2Fwp%2Fv2%2Fcomments&post=10825"}],"version-history":[{"count":0,"href":"https:\/\/atecordoba.org\/index.php?rest_route=\/wp\/v2\/posts\/10825\/revisions"}],"wp:featuredmedia":[{"embeddable":true,"href":"https:\/\/atecordoba.org\/index.php?rest_route=\/wp\/v2\/media\/19220"}],"wp:attachment":[{"href":"https:\/\/atecordoba.org\/index.php?rest_route=%2Fwp%2Fv2%2Fmedia&parent=10825"}],"wp:term":[{"taxonomy":"category","embeddable":true,"href":"https:\/\/atecordoba.org\/index.php?rest_route=%2Fwp%2Fv2%2Fcategories&post=10825"},{"taxonomy":"post_tag","embeddable":true,"href":"https:\/\/atecordoba.org\/index.php?rest_route=%2Fwp%2Fv2%2Ftags&post=10825"}],"curies":[{"name":"wp","href":"https:\/\/api.w.org\/{rel}","templated":true}]}}