{"id":10821,"date":"2019-01-17T15:22:00","date_gmt":"2019-01-17T18:22:00","guid":{"rendered":"http:\/\/www.atecordoba.org\/?p=10821"},"modified":"2020-07-02T11:44:33","modified_gmt":"2020-07-02T14:44:33","slug":"arbitrario-e-injusto-despido-en-anses-cordoba-rio-cuarto","status":"publish","type":"post","link":"https:\/\/atecordoba.org\/?p=10821","title":{"rendered":"Arbitrario e injusto despido en ANSES C\u00f3rdoba &#8211; R\u00edo Cuarto"},"content":{"rendered":"<p><em>Exigimos la inmediata reincorporaci\u00f3n de Norma Del Carmen Spinach, empleada de ANSES C\u00f3rdoba \u2013 R\u00edo Cuarto, quien fue despedida en uso de una licencia por enfermedad, al realizar obligatoriamente el cruce migratorio a trav\u00e9s del canal de Beagle, desde Ushuaia hacia suelo continental. Esta situaci\u00f3n se repite en muchas ciudades fronterizas del pa\u00eds.<\/em><\/p>\n<p><img loading=\"lazy\" decoding=\"async\" class=\"aligncenter size-full wp-image-10822\" src=\"http:\/\/www.atecordoba.org\/wp-content\/uploads\/2019\/01\/logo-nuevo-e1547749259375.png\" alt=\"\" width=\"550\" height=\"550\"><\/p>\n<p>Repudiamos la decisi\u00f3n tomada por la actual direcci\u00f3n de Recursos Humanos de ANSES, en la cual se despide de forma centralista, ileg\u00edtima y arbitraria a una compa\u00f1era de intachable trayectoria por viajar bajo licencia por enfermedad, desde Ushuaia hacia su ciudad de origen, Rio cuarto. El despido es un absurdo t\u00e9cnico y se produjo cuando &nbsp;Spinach transit\u00f3 el paso aduanero de Tierra del Fuego por el canal de Beagle, territorio Chileno desde 1984. Cabe destacar que la compa\u00f1era despedida se encontraba en el sur del pa\u00eds haciendo uso de su Licencia Anual Reglamentaria, donde sufre un accidente que la obliga a solicitar una licencia por enfermedad, bajo la cual no est\u00e1 permitido salir del pa\u00eds. Tan solo horas a bordo del barco chileno, el \u00fanico que brinda el servicio de cruce fronterizo, bastaron para que la trabajadora fuera despedida, demostrando una falta de interpretaci\u00f3n desmedida y arbitraria por parte del departamento de recursos humanos de ANSES.<\/p>\n<p>Desde ATE C\u00f3rdoba denunciamos varios casos similares que se sucedieron con compa\u00f1eros\/as que habitan en ciudades fronterizas del pa\u00eds, excusa necesaria para una administraci\u00f3n que solo busca achicar el Estado, el cual solo cierra con m\u00e1s compa\u00f1eros en la calle.<\/p>\n","protected":false},"excerpt":{"rendered":"<p>Exigimos la inmediata reincorporaci\u00f3n de Norma Del Carmen Spinach, empleada de ANSES C\u00f3rdoba \u2013 R\u00edo Cuarto, quien fue despedida en uso de una licencia por enfermedad, al realizar obligatoriamente el cruce migratorio a trav\u00e9s del canal de Beagle, desde Ushuaia hacia suelo continental. Esta situaci\u00f3n se repite en muchas ciudades fronterizas del pa\u00eds. Repudiamos la [&hellip;]<\/p>\n","protected":false},"author":1,"featured_media":19220,"comment_status":"open","ping_status":"open","sticky":false,"template":"","format":"standard","meta":{"_exactmetrics_skip_tracking":false,"_exactmetrics_sitenote_active":false,"_exactmetrics_sitenote_note":"","_exactmetrics_sitenote_category":0,"jnews-multi-image_gallery":[],"jnews_single_post":[],"jnews_primary_category":[],"jnews_social_meta":[],"jnews_review":[],"enable_review":"","type":"","name":"","summary":"","brand":"","sku":"","good":[],"bad":[],"score_override":"","override_value":"","rating":[],"price":[],"jnews_override_counter":[],"jnews_post_split":[],"footnotes":""},"categories":[18],"tags":[38],"class_list":["post-10821","post","type-post","status-publish","format-standard","has-post-thumbnail","hentry","category-nacionales","tag-anses"],"jetpack_featured_media_url":"https:\/\/atecordoba.org\/wp-content\/uploads\/2020\/05\/logo-nuevochico-e1561581322808.png","_links":{"self":[{"href":"https:\/\/atecordoba.org\/index.php?rest_route=\/wp\/v2\/posts\/10821","targetHints":{"allow":["GET"]}}],"collection":[{"href":"https:\/\/atecordoba.org\/index.php?rest_route=\/wp\/v2\/posts"}],"about":[{"href":"https:\/\/atecordoba.org\/index.php?rest_route=\/wp\/v2\/types\/post"}],"author":[{"embeddable":true,"href":"https:\/\/atecordoba.org\/index.php?rest_route=\/wp\/v2\/users\/1"}],"replies":[{"embeddable":true,"href":"https:\/\/atecordoba.org\/index.php?rest_route=%2Fwp%2Fv2%2Fcomments&post=10821"}],"version-history":[{"count":1,"href":"https:\/\/atecordoba.org\/index.php?rest_route=\/wp\/v2\/posts\/10821\/revisions"}],"predecessor-version":[{"id":20564,"href":"https:\/\/atecordoba.org\/index.php?rest_route=\/wp\/v2\/posts\/10821\/revisions\/20564"}],"wp:featuredmedia":[{"embeddable":true,"href":"https:\/\/atecordoba.org\/index.php?rest_route=\/wp\/v2\/media\/19220"}],"wp:attachment":[{"href":"https:\/\/atecordoba.org\/index.php?rest_route=%2Fwp%2Fv2%2Fmedia&parent=10821"}],"wp:term":[{"taxonomy":"category","embeddable":true,"href":"https:\/\/atecordoba.org\/index.php?rest_route=%2Fwp%2Fv2%2Fcategories&post=10821"},{"taxonomy":"post_tag","embeddable":true,"href":"https:\/\/atecordoba.org\/index.php?rest_route=%2Fwp%2Fv2%2Ftags&post=10821"}],"curies":[{"name":"wp","href":"https:\/\/api.w.org\/{rel}","templated":true}]}}