{"id":10812,"date":"2019-01-15T14:01:50","date_gmt":"2019-01-15T17:01:50","guid":{"rendered":"http:\/\/www.atecordoba.org\/?p=10812"},"modified":"2019-01-15T14:01:50","modified_gmt":"2019-01-15T17:01:50","slug":"ate-cumple-94-anos","status":"publish","type":"post","link":"https:\/\/atecordoba.org\/?p=10812","title":{"rendered":"ATE cumple 94 a\u00f1os"},"content":{"rendered":"<p><em>Un d\u00eda como hoy, en 1925, los trabajadores del Estado fundaron una organizaci\u00f3n para la defensa de sus intereses a la que denominaron ATE.<\/em><\/p>\n<p><img loading=\"lazy\" decoding=\"async\" class=\"aligncenter size-full wp-image-10813\" src=\"http:\/\/www.atecordoba.org\/wp-content\/uploads\/2019\/01\/9df680096580d1e7585e255ebddbd87e_m-e1547568133694.jpg\" alt=\"\" width=\"550\" height=\"309\"><\/p>\n<p>&nbsp;<\/p>\n<p style=\"font-weight: 400;\">La tarde del 15 de enero de 1925,&nbsp; en el ya m\u00edtico Teatro Verdi del barrio de La Boca, &nbsp;m\u00e1s de un centenar de herreros, carpinteros, mec\u00e1nicos, torneros, peones de patio y fundici\u00f3n, electricistas, alba\u00f1iles, marineros y foguistas de las dragas se juntaron y fundaron una organizaci\u00f3n para la&nbsp; defensa de sus intereses. Un compa\u00f1ero llamado \u00c1lvarez se par\u00f3 y propuso un nombre: Asociaci\u00f3n de Trabajadores del Estado.<\/p>\n<p style=\"font-weight: 400;\">&nbsp;As\u00ed nac\u00eda&nbsp;la ATE, con diecinueve compa\u00f1eros elegidos como responsables de la nueva organizaci\u00f3n y el &nbsp;impulso de los obreros de los talleres de&nbsp;la Direcci\u00f3n&nbsp;Nacional&nbsp;de Navegaci\u00f3n y Puertos del Riachuelo y de la zona portuaria.<\/p>\n<p style=\"font-weight: 400;\">Eran los tiempos de Marcelo T de Alvear en el gobierno y el Dr. Ortiz en el Ministerio de Obras P\u00fablicas (MOP) donde los afiliados de la naciente organizaci\u00f3n, mayoritariamente empleados de dicho ministerio, trabajan como jornaleros con atrasos en sus bajos ingresos, sin sistemas de previsi\u00f3n ni licencias por enfermedad, sin escalaf\u00f3n ni r\u00e9gimen de ascensos.<\/p>\n<p><img loading=\"lazy\" decoding=\"async\" class=\"aligncenter size-full wp-image-10814\" src=\"http:\/\/www.atecordoba.org\/wp-content\/uploads\/2019\/01\/14187_10287-e1547568186552.jpg\" alt=\"\" width=\"550\" height=\"527\"><\/p>\n<p>&nbsp;<\/p>\n<p style=\"font-weight: 400;\">El impulso inicial de los trabajadores de Navegaci\u00f3n y puertos se expandi\u00f3 entre los marineros de las dragas de Corrientes, Concepci\u00f3n del Uruguay, Paran\u00e1, Rosario y posteriormente entre los empleados de&nbsp;la Direcci\u00f3n&nbsp;de Arquitectura y los trabajadores del Arsenal Naval de Puerto Belgrano en Punta Alta.<\/p>\n<p style=\"font-weight: 400;\">Por aquellos a\u00f1os para ser afiliados a ATE bastaba ser obrero y empleado de&nbsp;la Administraci\u00f3n&nbsp;Nacional&nbsp;sin distinci\u00f3n de sexo y con la \u00fanica excepci\u00f3n de los jefes superiores. Su prop\u00f3sito era \u201c<b><strong style=\"font-style: inherit;\"><em>propender al mejoramiento de las condiciones econ\u00f3micas, t\u00e9cnicas, morales y sociales de sus asociados; la estabilidad de obreros y empleados nacionales; la implantaci\u00f3n del escalaf\u00f3n para los mismos; reforma de&nbsp;la Ley&nbsp;de Jubilaciones y Pensiones Civiles; reforma de&nbsp;la Ley&nbsp;de Accidentes de trabajo\u201d.<\/em><\/strong><\/b><\/p>\n<p style=\"font-weight: 400;\">Cada localidad con un m\u00ednimo de 100 obreros y empleados estatales y 25 afiliados deber\u00eda formar una seccional que estar\u00eda ligada a una secci\u00f3n central instalada en Buenos Aires y conducida por una Comisi\u00f3n Directiva.<\/p>\n<p style=\"font-weight: 400;\">Las cuotas sindicales se cobraban a trav\u00e9s de los delegados cobradores cuya tarea consist\u00eda, adem\u00e1s, en informar a&nbsp;la Directiva&nbsp;de los asuntos de inter\u00e9s para la organizaci\u00f3n, repartir el peri\u00f3dico y hacer las convocatorias.&nbsp;&nbsp;<\/p>\n<p style=\"font-weight: 400;\">El primer local, alquilado, estuvo en la calle Alte. Brown 392 del barrio de&nbsp;La Boca&nbsp;y contaba con una secretar\u00eda y un gran sal\u00f3n de lectura con dos amplias bibliotecas. Desde el origen los compa\u00f1eros fundadores dedicaron esfuerzo a la promoci\u00f3n de la lectura, la prensa propia, la creaci\u00f3n de bibliotecas, la organizaci\u00f3n de conferencias y charlas y, con el tiempo, programas de radio.<\/p>\n<p style=\"font-weight: 400;\">El primer n\u00famero de \u201cEl trabajador del Estado\u201d sali\u00f3 el 20 de noviembre de 1925 con una tirada de 3.000 ejemplares, sin avisos publicitarios y apareciendo todos los 20 de cada mes. El \u00f3rgano de prensa sindical m\u00e1s antiguo del pa\u00eds a\u00fan vigente.<\/p>\n<p><img loading=\"lazy\" decoding=\"async\" class=\"aligncenter size-full wp-image-10815\" src=\"http:\/\/www.atecordoba.org\/wp-content\/uploads\/2019\/01\/14187_10288-e1547568239648.jpg\" alt=\"\" width=\"550\" height=\"369\"><\/p>\n<p style=\"font-weight: 400;\">Hoy, a 94 a\u00f1os de esos inicios, al sindicato lo integran m\u00e1s de 300.000 mujeres y hombres trabajadores del Estado Nacional, provincial y municipal con seccionales y delegaciones a lo largo y a lo ancho del pa\u00eds y los mismos objetivos: la defensa irrestricta de los derechos de las y los trabajadoras\/es estatales.<\/p>\n<p style=\"font-weight: 400;\"><b><strong style=\"font-style: inherit;\">ATE nacional<\/strong><\/b><\/p>\n<p>&nbsp;<\/p>\n","protected":false},"excerpt":{"rendered":"<p>Un d\u00eda como hoy, en 1925, los trabajadores del Estado fundaron una organizaci\u00f3n para la defensa de sus intereses a la que denominaron ATE. &nbsp; La tarde del 15 de enero de 1925,&nbsp; en el ya m\u00edtico Teatro Verdi del barrio de La Boca, &nbsp;m\u00e1s de un centenar de herreros, carpinteros, mec\u00e1nicos, torneros, peones de [&hellip;]<\/p>\n","protected":false},"author":1,"featured_media":19220,"comment_status":"open","ping_status":"open","sticky":false,"template":"","format":"standard","meta":{"_exactmetrics_skip_tracking":false,"_exactmetrics_sitenote_active":false,"_exactmetrics_sitenote_note":"","_exactmetrics_sitenote_category":0,"jnews-multi-image_gallery":[],"jnews_single_post":[],"jnews_primary_category":[],"jnews_social_meta":[],"jnews_review":[],"enable_review":"","type":"","name":"","summary":"","brand":"","sku":"","good":[],"bad":[],"score_override":"","override_value":"","rating":[],"price":[],"jnews_override_counter":[],"jnews_post_split":[],"footnotes":""},"categories":[1],"tags":[],"class_list":["post-10812","post","type-post","status-publish","format-standard","has-post-thumbnail","hentry","category-sin-categoria"],"jetpack_featured_media_url":"https:\/\/atecordoba.org\/wp-content\/uploads\/2020\/05\/logo-nuevochico-e1561581322808.png","_links":{"self":[{"href":"https:\/\/atecordoba.org\/index.php?rest_route=\/wp\/v2\/posts\/10812","targetHints":{"allow":["GET"]}}],"collection":[{"href":"https:\/\/atecordoba.org\/index.php?rest_route=\/wp\/v2\/posts"}],"about":[{"href":"https:\/\/atecordoba.org\/index.php?rest_route=\/wp\/v2\/types\/post"}],"author":[{"embeddable":true,"href":"https:\/\/atecordoba.org\/index.php?rest_route=\/wp\/v2\/users\/1"}],"replies":[{"embeddable":true,"href":"https:\/\/atecordoba.org\/index.php?rest_route=%2Fwp%2Fv2%2Fcomments&post=10812"}],"version-history":[{"count":0,"href":"https:\/\/atecordoba.org\/index.php?rest_route=\/wp\/v2\/posts\/10812\/revisions"}],"wp:featuredmedia":[{"embeddable":true,"href":"https:\/\/atecordoba.org\/index.php?rest_route=\/wp\/v2\/media\/19220"}],"wp:attachment":[{"href":"https:\/\/atecordoba.org\/index.php?rest_route=%2Fwp%2Fv2%2Fmedia&parent=10812"}],"wp:term":[{"taxonomy":"category","embeddable":true,"href":"https:\/\/atecordoba.org\/index.php?rest_route=%2Fwp%2Fv2%2Fcategories&post=10812"},{"taxonomy":"post_tag","embeddable":true,"href":"https:\/\/atecordoba.org\/index.php?rest_route=%2Fwp%2Fv2%2Ftags&post=10812"}],"curies":[{"name":"wp","href":"https:\/\/api.w.org\/{rel}","templated":true}]}}