{"id":10810,"date":"2019-01-11T14:32:54","date_gmt":"2019-01-11T17:32:54","guid":{"rendered":"http:\/\/www.atecordoba.org\/?p=10810"},"modified":"2019-01-11T14:32:54","modified_gmt":"2019-01-11T17:32:54","slug":"ate-presente-en-la-marcha-de-antorchas","status":"publish","type":"post","link":"https:\/\/atecordoba.org\/?p=10810","title":{"rendered":"ATE presente en la Marcha de antorchas"},"content":{"rendered":"<p><img loading=\"lazy\" decoding=\"async\" class=\"aligncenter size-full wp-image-10807\" src=\"http:\/\/www.atecordoba.org\/wp-content\/uploads\/2019\/01\/20190110_201759-e1547227841728.jpg\" alt=\"\" width=\"550\" height=\"413\"><\/p>\n<p>La protesta social no se hizo esperar en el 2019, ayer como en todas las ciudades del pa\u00eds, las calles del centro de C\u00f3rdoba fueron ocupadas por trabajadores manifest\u00e1ndose en contra de los tarifazos, los despidos y el brutal ajuste que llevan a cabo tanto el Gobierno Nacional como el Provincial. Organizaciones sindicales, sociales, pol\u00edticas y ciudadanos en general acudieron a la Marcha de Antorchas. La protesta tambi\u00e9n se llev\u00f3 a cabo de forma simult\u00e1nea en distintas ciudades del pa\u00eds, exigiendo al gobierno de Mauricio Macri el cese del incremento constante y sostenido en tarifas y servicios p\u00fablicos. &nbsp;&nbsp;&nbsp;&nbsp;<\/p>\n<p><img loading=\"lazy\" decoding=\"async\" class=\"aligncenter size-full wp-image-10803\" src=\"http:\/\/www.atecordoba.org\/wp-content\/uploads\/2019\/01\/20190110_203214-e1547227904948.jpg\" alt=\"\" width=\"550\" height=\"413\"><\/p>\n<p>&nbsp;<\/p>\n","protected":false},"excerpt":{"rendered":"<p>La protesta social no se hizo esperar en el 2019, ayer como en todas las ciudades del pa\u00eds, las calles del centro de C\u00f3rdoba fueron ocupadas por trabajadores manifest\u00e1ndose en contra de los tarifazos, los despidos y el brutal ajuste que llevan a cabo tanto el Gobierno Nacional como el Provincial. Organizaciones sindicales, sociales, pol\u00edticas [&hellip;]<\/p>\n","protected":false},"author":1,"featured_media":19220,"comment_status":"open","ping_status":"open","sticky":false,"template":"","format":"standard","meta":{"_exactmetrics_skip_tracking":false,"_exactmetrics_sitenote_active":false,"_exactmetrics_sitenote_note":"","_exactmetrics_sitenote_category":0,"jnews-multi-image_gallery":[],"jnews_single_post":[],"jnews_primary_category":[],"jnews_social_meta":[],"jnews_review":[],"enable_review":"","type":"","name":"","summary":"","brand":"","sku":"","good":[],"bad":[],"score_override":"","override_value":"","rating":[],"price":[],"jnews_override_counter":[],"jnews_post_split":[],"footnotes":""},"categories":[10,75,18],"tags":[],"class_list":["post-10810","post","type-post","status-publish","format-standard","has-post-thumbnail","hentry","category-accion-politica","category-accion-social","category-nacionales"],"jetpack_featured_media_url":"https:\/\/atecordoba.org\/wp-content\/uploads\/2020\/05\/logo-nuevochico-e1561581322808.png","_links":{"self":[{"href":"https:\/\/atecordoba.org\/index.php?rest_route=\/wp\/v2\/posts\/10810","targetHints":{"allow":["GET"]}}],"collection":[{"href":"https:\/\/atecordoba.org\/index.php?rest_route=\/wp\/v2\/posts"}],"about":[{"href":"https:\/\/atecordoba.org\/index.php?rest_route=\/wp\/v2\/types\/post"}],"author":[{"embeddable":true,"href":"https:\/\/atecordoba.org\/index.php?rest_route=\/wp\/v2\/users\/1"}],"replies":[{"embeddable":true,"href":"https:\/\/atecordoba.org\/index.php?rest_route=%2Fwp%2Fv2%2Fcomments&post=10810"}],"version-history":[{"count":0,"href":"https:\/\/atecordoba.org\/index.php?rest_route=\/wp\/v2\/posts\/10810\/revisions"}],"wp:featuredmedia":[{"embeddable":true,"href":"https:\/\/atecordoba.org\/index.php?rest_route=\/wp\/v2\/media\/19220"}],"wp:attachment":[{"href":"https:\/\/atecordoba.org\/index.php?rest_route=%2Fwp%2Fv2%2Fmedia&parent=10810"}],"wp:term":[{"taxonomy":"category","embeddable":true,"href":"https:\/\/atecordoba.org\/index.php?rest_route=%2Fwp%2Fv2%2Fcategories&post=10810"},{"taxonomy":"post_tag","embeddable":true,"href":"https:\/\/atecordoba.org\/index.php?rest_route=%2Fwp%2Fv2%2Ftags&post=10810"}],"curies":[{"name":"wp","href":"https:\/\/api.w.org\/{rel}","templated":true}]}}