{"id":10802,"date":"2019-01-11T14:26:42","date_gmt":"2019-01-11T17:26:42","guid":{"rendered":"http:\/\/www.atecordoba.org\/?p=10802"},"modified":"2019-01-11T14:26:42","modified_gmt":"2019-01-11T17:26:42","slug":"estado-de-alerta-y-asamblea-permanente-en-parques-nacionales","status":"publish","type":"post","link":"https:\/\/atecordoba.org\/?p=10802","title":{"rendered":"Estado de alerta y asamblea permanente en Parques nacionales"},"content":{"rendered":"<p><em>86 despidos marcan el peor inicio de a\u00f1o en el sector. Se iniciaron negociaciones que pasaron a un cuarto intermedio hasta el mes de febrero.<\/em><\/p>\n<p><img loading=\"lazy\" decoding=\"async\" class=\"aligncenter size-full wp-image-10804\" src=\"http:\/\/www.atecordoba.org\/wp-content\/uploads\/2019\/01\/WhatsApp-Image-2019-01-11-at-14.02.56-e1547226403618.jpeg\" alt=\"\" width=\"550\" height=\"733\"><\/p>\n<p>En el marco de vaciamiento del estado llevado a cabo por el gobierno nacional, Parques Nacionales no es la excepci\u00f3n. Debido a esto se dispuso un estado de asamblea permanente y un cuarto intermedio hasta tanto las autoridades, a trav\u00e9s de su Direcci\u00f3n General de Recursos Humanos, den respuesta a las demandas planteadas por los trabajadores.<\/p>\n<p>El d\u00eda martes 8 de enero, en una reuni\u00f3n de tres horas de duraci\u00f3n, representantes gremiales de la coordinaci\u00f3n nacional de ATE Parques exigieron la reincorporaci\u00f3n de 86 despedidos, la separaci\u00f3n de cargos de funcionarios&nbsp; se\u00f1alados por actos de violencia institucional y la NO privatizaci\u00f3n de los parques nacionales. La delicada situaci\u00f3n es el resultado de la falta de un presupuesto acorde para el correcto funcionamiento del servicio, lo cual conlleva hoy a que la visita a los Parques nacionales no sea segura por falta de personal, todo esto en plena temporada tur\u00edstica. Durante el 2018 el recorte de la partida presupuestaria fue del 35% y se estima que este a\u00f1o esa cifra ascender\u00e1 resintiendo la situaci\u00f3n de todo el sector.<\/p>\n<p><u>Acampe en el Lanin <\/u><\/p>\n<p>En el marco de la falta de respuesta que viven los trabajadores de Parques Nacionales y como puntapi\u00e9 inicial del plan de lucha, Brigadistas del ICE (Incendios, Comunicaciones y Emergencias) del Parque Nacional Lan\u00edn realizan un acampe en reclamo a los 18 empleados que no fueron&nbsp;recontratados.<\/p>\n<p><img loading=\"lazy\" decoding=\"async\" class=\"aligncenter size-full wp-image-10805\" src=\"http:\/\/www.atecordoba.org\/wp-content\/uploads\/2019\/01\/WhatsApp-Image-2019-01-11-at-14.03.27-e1547226555630.jpeg\" alt=\"\" width=\"550\" height=\"413\"><\/p>\n<p><img loading=\"lazy\" decoding=\"async\" class=\"aligncenter size-full wp-image-10806\" src=\"http:\/\/www.atecordoba.org\/wp-content\/uploads\/2019\/01\/WhatsApp-Image-2019-01-11-at-14.03.38-e1547226599227.jpeg\" alt=\"\" width=\"550\" height=\"413\"><\/p>\n","protected":false},"excerpt":{"rendered":"<p>86 despidos marcan el peor inicio de a\u00f1o en el sector. Se iniciaron negociaciones que pasaron a un cuarto intermedio hasta el mes de febrero. En el marco de vaciamiento del estado llevado a cabo por el gobierno nacional, Parques Nacionales no es la excepci\u00f3n. Debido a esto se dispuso un estado de asamblea permanente [&hellip;]<\/p>\n","protected":false},"author":1,"featured_media":19220,"comment_status":"open","ping_status":"open","sticky":false,"template":"","format":"standard","meta":{"_exactmetrics_skip_tracking":false,"_exactmetrics_sitenote_active":false,"_exactmetrics_sitenote_note":"","_exactmetrics_sitenote_category":0,"jnews-multi-image_gallery":[],"jnews_single_post":[],"jnews_primary_category":[],"jnews_social_meta":[],"jnews_review":[],"enable_review":"","type":"","name":"","summary":"","brand":"","sku":"","good":[],"bad":[],"score_override":"","override_value":"","rating":[],"price":[],"jnews_override_counter":[],"jnews_post_split":[],"footnotes":""},"categories":[18,96],"tags":[],"class_list":["post-10802","post","type-post","status-publish","format-standard","has-post-thumbnail","hentry","category-nacionales","category-parques-nacionales-2"],"jetpack_featured_media_url":"https:\/\/atecordoba.org\/wp-content\/uploads\/2020\/05\/logo-nuevochico-e1561581322808.png","_links":{"self":[{"href":"https:\/\/atecordoba.org\/index.php?rest_route=\/wp\/v2\/posts\/10802","targetHints":{"allow":["GET"]}}],"collection":[{"href":"https:\/\/atecordoba.org\/index.php?rest_route=\/wp\/v2\/posts"}],"about":[{"href":"https:\/\/atecordoba.org\/index.php?rest_route=\/wp\/v2\/types\/post"}],"author":[{"embeddable":true,"href":"https:\/\/atecordoba.org\/index.php?rest_route=\/wp\/v2\/users\/1"}],"replies":[{"embeddable":true,"href":"https:\/\/atecordoba.org\/index.php?rest_route=%2Fwp%2Fv2%2Fcomments&post=10802"}],"version-history":[{"count":0,"href":"https:\/\/atecordoba.org\/index.php?rest_route=\/wp\/v2\/posts\/10802\/revisions"}],"wp:featuredmedia":[{"embeddable":true,"href":"https:\/\/atecordoba.org\/index.php?rest_route=\/wp\/v2\/media\/19220"}],"wp:attachment":[{"href":"https:\/\/atecordoba.org\/index.php?rest_route=%2Fwp%2Fv2%2Fmedia&parent=10802"}],"wp:term":[{"taxonomy":"category","embeddable":true,"href":"https:\/\/atecordoba.org\/index.php?rest_route=%2Fwp%2Fv2%2Fcategories&post=10802"},{"taxonomy":"post_tag","embeddable":true,"href":"https:\/\/atecordoba.org\/index.php?rest_route=%2Fwp%2Fv2%2Ftags&post=10802"}],"curies":[{"name":"wp","href":"https:\/\/api.w.org\/{rel}","templated":true}]}}