{"id":10798,"date":"2019-01-09T14:27:53","date_gmt":"2019-01-09T17:27:53","guid":{"rendered":"http:\/\/www.atecordoba.org\/?p=10798"},"modified":"2019-01-09T14:27:53","modified_gmt":"2019-01-09T17:27:53","slug":"ate-cordoba-convoca-a-la-marcha-de-las-antorchas","status":"publish","type":"post","link":"https:\/\/atecordoba.org\/?p=10798","title":{"rendered":"ATE C\u00f3rdoba convoca a la Marcha de las antorchas"},"content":{"rendered":"<p><em>ATE convoca, este jueves 10 de Enero, a la marcha de las antorchas en contra de los tarifazos y despidos en el marco del brutal ajuste del gobierno nacional.<\/em><\/p>\n<p><img loading=\"lazy\" decoding=\"async\" class=\"aligncenter size-full wp-image-10800\" src=\"http:\/\/www.atecordoba.org\/wp-content\/uploads\/2019\/01\/marcha-de-las-antorchas-1-e1547054745364.png\" alt=\"\" width=\"550\" height=\"778\"><\/p>\n<p>Concentramos a las 19 hs en sede del gremio, calle Entre R\u00edos 450, para movilizarnos junto a otras organizaciones sindicales y sociales hacia el lugar de la concentraci\u00f3n, plaza Agust\u00edn Tosco (ex plaza Velez Sarsfield), para exigir al gobierno de Macri y Schiaretti el cese de los tarifazos y despidos, como partes del cruel ajuste que sostiene este plan econ\u00f3mico, que solo cierra con trabajadores despedidos, servicios y tarifas impagables para el conjunto de nuestro pueblo. &nbsp;&nbsp;&nbsp;<br \/>\n&nbsp;<br \/>\nLiliana Salerno<br \/>\nSecretaria general<\/p>\n","protected":false},"excerpt":{"rendered":"<p>ATE convoca, este jueves 10 de Enero, a la marcha de las antorchas en contra de los tarifazos y despidos en el marco del brutal ajuste del gobierno nacional. Concentramos a las 19 hs en sede del gremio, calle Entre R\u00edos 450, para movilizarnos junto a otras organizaciones sindicales y sociales hacia el lugar de [&hellip;]<\/p>\n","protected":false},"author":1,"featured_media":19220,"comment_status":"open","ping_status":"open","sticky":false,"template":"","format":"standard","meta":{"_exactmetrics_skip_tracking":false,"_exactmetrics_sitenote_active":false,"_exactmetrics_sitenote_note":"","_exactmetrics_sitenote_category":0,"jnews-multi-image_gallery":[],"jnews_single_post":[],"jnews_primary_category":[],"jnews_social_meta":[],"jnews_review":[],"enable_review":"","type":"","name":"","summary":"","brand":"","sku":"","good":[],"bad":[],"score_override":"","override_value":"","rating":[],"price":[],"jnews_override_counter":[],"jnews_post_split":[],"footnotes":""},"categories":[10,18],"tags":[],"class_list":["post-10798","post","type-post","status-publish","format-standard","has-post-thumbnail","hentry","category-accion-politica","category-nacionales"],"jetpack_featured_media_url":"https:\/\/atecordoba.org\/wp-content\/uploads\/2020\/05\/logo-nuevochico-e1561581322808.png","_links":{"self":[{"href":"https:\/\/atecordoba.org\/index.php?rest_route=\/wp\/v2\/posts\/10798","targetHints":{"allow":["GET"]}}],"collection":[{"href":"https:\/\/atecordoba.org\/index.php?rest_route=\/wp\/v2\/posts"}],"about":[{"href":"https:\/\/atecordoba.org\/index.php?rest_route=\/wp\/v2\/types\/post"}],"author":[{"embeddable":true,"href":"https:\/\/atecordoba.org\/index.php?rest_route=\/wp\/v2\/users\/1"}],"replies":[{"embeddable":true,"href":"https:\/\/atecordoba.org\/index.php?rest_route=%2Fwp%2Fv2%2Fcomments&post=10798"}],"version-history":[{"count":0,"href":"https:\/\/atecordoba.org\/index.php?rest_route=\/wp\/v2\/posts\/10798\/revisions"}],"wp:featuredmedia":[{"embeddable":true,"href":"https:\/\/atecordoba.org\/index.php?rest_route=\/wp\/v2\/media\/19220"}],"wp:attachment":[{"href":"https:\/\/atecordoba.org\/index.php?rest_route=%2Fwp%2Fv2%2Fmedia&parent=10798"}],"wp:term":[{"taxonomy":"category","embeddable":true,"href":"https:\/\/atecordoba.org\/index.php?rest_route=%2Fwp%2Fv2%2Fcategories&post=10798"},{"taxonomy":"post_tag","embeddable":true,"href":"https:\/\/atecordoba.org\/index.php?rest_route=%2Fwp%2Fv2%2Ftags&post=10798"}],"curies":[{"name":"wp","href":"https:\/\/api.w.org\/{rel}","templated":true}]}}