{"id":10792,"date":"2019-01-09T11:24:40","date_gmt":"2019-01-09T14:24:40","guid":{"rendered":"http:\/\/www.atecordoba.org\/?p=10792"},"modified":"2019-01-09T11:24:40","modified_gmt":"2019-01-09T14:24:40","slug":"la-ctaa-rechaza-el-proyecto-de-disminucion-de-la-edad-de-imputabilidad","status":"publish","type":"post","link":"https:\/\/atecordoba.org\/?p=10792","title":{"rendered":"ATE y CTA-A rechazan el proyecto de disminuci\u00f3n de la edad de imputabilidad"},"content":{"rendered":"<p>Para ATE y CTA-A \u201cse trata de una escalada represiva contra los sectores populares para atacar con palos y c\u00e1rcel la protesta social\u201d.<\/p>\n<p><img loading=\"lazy\" decoding=\"async\" class=\"aligncenter size-full wp-image-10793\" src=\"http:\/\/www.atecordoba.org\/wp-content\/uploads\/2019\/01\/f6b7cb97195759697c604fd8ea4dc781_m-e1547043290137.jpg\" alt=\"\" width=\"550\" height=\"550\"><\/p>\n<p>&nbsp;<\/p>\n<p>El Gobierno anunci\u00f3 en las \u00faltimas horas que busca enviar al Congreso el nuevo R\u00e9gimen Penal Juvenil que implica, entre otras cuestiones, la baja en la edad de imputabilidad. Ante este nuevo intento de criminalizar la ni\u00f1ez y la pobreza, ATE y CTA Aut\u00f3noma manifiestan su completo rechazo a cualquier pretensi\u00f3n de bajar la edad de imputabilidad a los 15 a\u00f1os, medida que viola tratados internacionales como lo es la Convenci\u00f3n Internacional de la Ni\u00f1ez y la Adolescencia.<\/p>\n<p>Esta medida se suma a la reciente autorizaci\u00f3n de uso de pistolas Taser a las fuerzas de seguridad. Se trata de una escalada represiva contra los sectores populares para atacar con palos y c\u00e1rcel la protesta social.<\/p>\n<p>La idea de que la baja en la edad de imputabilidad podr\u00eda resolver los problemas que enfrenta nuestro pa\u00eds en materia de seguridad es falsa. \u201cNuestras organizaciones de ni\u00f1ez vienen denunciando desde hace a\u00f1os que menos del 1% de los delitos graves son cometidos por menores de edad\u201d.<br \/>\nEn un pa\u00eds donde la mitad de los ni\u00f1os y ni\u00f1as est\u00e1n por debajo de la l\u00ednea de pobreza, la soluci\u00f3n a los problemas de la ni\u00f1ez debe apuntar a la creaci\u00f3n de empleo genuino para sus familias, a fortalecer los espacios educativos y a garantizar sus derechos.<\/p>\n<p>Como integrantes del Espacio No a la Baja, \u201crechaza de plano esta iniciativa y exige al gobierno promover los debates que requiere este tiempo en materia de ni\u00f1ez y adolescencia\u201d y convoc\u00f3 a las organizaciones del campo popular y a la sociedad en general \u201ca rechazar masivamente esta nueva iniciativa antipopular contra nuestros pibes\u201d.<\/p>\n<p>Nuestros ni\u00f1os y ni\u00f1as necesitan pol\u00edticas que les aseguren alimento, educaci\u00f3n, salud y recreaci\u00f3n, as\u00ed como la contenci\u00f3n para los grupos familiares m\u00e1s vulnerables. Por eso, cierra su reclamo la central \u201cno queremos m\u00e1s pibes muertos por hambre, gatillo f\u00e1cil, por droga y tantos flagelos que azotan a nuestra castigada sociedad: Un pa\u00eds que no puede atender a la ni\u00f1ez y que criminaliza la infancia, no tiene futuro. Ni un pibe ni piba menos! El hambre es un crimen!\u201d<\/p>\n<p><strong style=\"font-style: inherit;\"><br \/>\nPrensa ATE C\u00f2rdoba<br \/>\nCTA<\/strong><\/p>\n","protected":false},"excerpt":{"rendered":"<p>Para ATE y CTA-A \u201cse trata de una escalada represiva contra los sectores populares para atacar con palos y c\u00e1rcel la protesta social\u201d. &nbsp; El Gobierno anunci\u00f3 en las \u00faltimas horas que busca enviar al Congreso el nuevo R\u00e9gimen Penal Juvenil que implica, entre otras cuestiones, la baja en la edad de imputabilidad. Ante este [&hellip;]<\/p>\n","protected":false},"author":1,"featured_media":19220,"comment_status":"open","ping_status":"open","sticky":false,"template":"","format":"standard","meta":{"_exactmetrics_skip_tracking":false,"_exactmetrics_sitenote_active":false,"_exactmetrics_sitenote_note":"","_exactmetrics_sitenote_category":0,"jnews-multi-image_gallery":[],"jnews_single_post":[],"jnews_primary_category":[],"jnews_social_meta":[],"jnews_review":[],"enable_review":"","type":"","name":"","summary":"","brand":"","sku":"","good":[],"bad":[],"score_override":"","override_value":"","rating":[],"price":[],"jnews_override_counter":[],"jnews_post_split":[],"footnotes":""},"categories":[92,138,18],"tags":[],"class_list":["post-10792","post","type-post","status-publish","format-standard","has-post-thumbnail","hentry","category-cta","category-gendarmeria","category-nacionales"],"jetpack_featured_media_url":"https:\/\/atecordoba.org\/wp-content\/uploads\/2020\/05\/logo-nuevochico-e1561581322808.png","_links":{"self":[{"href":"https:\/\/atecordoba.org\/index.php?rest_route=\/wp\/v2\/posts\/10792","targetHints":{"allow":["GET"]}}],"collection":[{"href":"https:\/\/atecordoba.org\/index.php?rest_route=\/wp\/v2\/posts"}],"about":[{"href":"https:\/\/atecordoba.org\/index.php?rest_route=\/wp\/v2\/types\/post"}],"author":[{"embeddable":true,"href":"https:\/\/atecordoba.org\/index.php?rest_route=\/wp\/v2\/users\/1"}],"replies":[{"embeddable":true,"href":"https:\/\/atecordoba.org\/index.php?rest_route=%2Fwp%2Fv2%2Fcomments&post=10792"}],"version-history":[{"count":0,"href":"https:\/\/atecordoba.org\/index.php?rest_route=\/wp\/v2\/posts\/10792\/revisions"}],"wp:featuredmedia":[{"embeddable":true,"href":"https:\/\/atecordoba.org\/index.php?rest_route=\/wp\/v2\/media\/19220"}],"wp:attachment":[{"href":"https:\/\/atecordoba.org\/index.php?rest_route=%2Fwp%2Fv2%2Fmedia&parent=10792"}],"wp:term":[{"taxonomy":"category","embeddable":true,"href":"https:\/\/atecordoba.org\/index.php?rest_route=%2Fwp%2Fv2%2Fcategories&post=10792"},{"taxonomy":"post_tag","embeddable":true,"href":"https:\/\/atecordoba.org\/index.php?rest_route=%2Fwp%2Fv2%2Ftags&post=10792"}],"curies":[{"name":"wp","href":"https:\/\/api.w.org\/{rel}","templated":true}]}}