{"id":10784,"date":"2019-01-08T15:04:41","date_gmt":"2019-01-08T18:04:41","guid":{"rendered":"http:\/\/www.atecordoba.org\/?p=10784"},"modified":"2019-01-08T15:04:41","modified_gmt":"2019-01-08T18:04:41","slug":"2018-doce-hechos-que-marcaron-los-doce-meses-del-ano","status":"publish","type":"post","link":"https:\/\/atecordoba.org\/?p=10784","title":{"rendered":"2018: Doce hechos que marcaron los doce meses del a\u00f1o"},"content":{"rendered":"<p><em>Datos que nos dej\u00f3 el a\u00f1o que se fue: 100% de devaluaci\u00f3n; acuerdo con el FMI despu\u00e9s de 15 a\u00f1os; aumento de la pobreza al 33,6%.<\/em><\/p>\n<p><em><img loading=\"lazy\" decoding=\"async\" class=\"aligncenter size-full wp-image-10785\" src=\"http:\/\/www.atecordoba.org\/wp-content\/uploads\/2019\/01\/718da66328b2bc6da67c6978f232d55a_m-e1546970245521.jpg\" alt=\"\" width=\"550\" height=\"348\"><\/em><\/p>\n<p>&nbsp;<\/p>\n<p>Desde la brutal devaluaci\u00f3n de nuestra moneda hasta el acuerdo con el FMI, de la contracci\u00f3n brutal en los salarios al salto de los indicadores de pobreza, algunos de los t\u00edtulos fuertes para repasar lo que ha sido el segundo a\u00f1o recesivo (de tres) que lleva la presidencia de Mauricio Macri.<br \/>\nA continuaci\u00f3n, un resumen de los hechos pol\u00edticos, sociales y econ\u00f3micos m\u00e1s destacados que marcaron el 2018:<\/p>\n<p>1 \u2013&nbsp;DEVALUACI\u00d3N DE LA MONEDA:&nbsp;Pocos recuerdan que el \u00faltimo d\u00eda del a\u00f1o&nbsp; 2017 el valor de la moneda americana cerraba a 18,92. Casi un a\u00f1o despu\u00e9s 1 d\u00f3lar vale 38,85 pesos. Expresado de otra manera la devaluaci\u00f3n de nuestro peso super\u00f3 con creces el 100%, y esto sin contar el pico de esta devaluaci\u00f3n alcanzado en el mes de septiembre cuando el d\u00f3lar lleg\u00f3 a los 42 pesos.&nbsp;&nbsp;&nbsp;&nbsp;&nbsp;<br \/>\n&nbsp;<br \/>\n2-&nbsp;ACUERDO CON EL FMI:&nbsp;Una vez m\u00e1s la mano intervencionista del FMI lleg\u00f3 a la Argentina.&nbsp;Despu\u00e9s de 15 a\u00f1os (el \u00faltimo acuerdo fue bajo la presidencia de Eduardo Duhalde en el 2003) la Argentina&nbsp; volvi\u00f3 a negociar un acuerdo con el FMI, por&nbsp;un pr\u00e9stamo de 57.100 millones de d\u00f3lares.<br \/>\n&nbsp;<br \/>\n3-&nbsp;DEFICIT CERO Y RECORTE PRESUPUESTARIO: Como parte de la negociaci\u00f3n con el organismo internacional el gobierno se comprometi\u00f3 a alcanzar el d\u00e9ficit cero del presupuesto primario. Hablamos de un agresivo ajuste, nunca conocido en la historia pol\u00edtica y econ\u00f3mica de nuestro pa\u00eds, por el cual se recortan del presupuesto (parte 2018 y todo 2019) una cifra superior a los 650.000 millones de pesos.<\/p>\n<p><img loading=\"lazy\" decoding=\"async\" class=\"aligncenter size-full wp-image-10788\" src=\"http:\/\/www.atecordoba.org\/wp-content\/uploads\/2019\/01\/49748481_2237897242916759_5412004550712229888_n-e1546970376402.jpg\" alt=\"\" width=\"550\" height=\"357\"><\/p>\n<p>4-&nbsp;AUMENTO DE LA POBREZA:&nbsp;Ni pobreza cero, ni nada que se le parezca. En la Naci\u00f3n \u201csin pobres\u201d, tal como Macri lo expresara en campa\u00f1a electoral, hay que decir que el a\u00f1o cierra con el aumento de la pobreza: Otras dos millones de personas que se caen del sistema por las pol\u00edticas neoliberales y desiguales que rigen la Argentina. El reciente indicador revelado por la Universidad Cat\u00f3lica Argentina (UCA) cierra el a\u00f1o en un 33,6% (28,2% fue la marca 2017), el \u00edndice de pobreza m\u00e1s alto de la \u00faltima d\u00e9cada. &nbsp;&nbsp;&nbsp;&nbsp;&nbsp;<br \/>\n&nbsp;<br \/>\n5-&nbsp;DESEMPLEO:&nbsp;Como no hay decisiones sin consecuencia las pol\u00edticas de ajuste tambi\u00e9n impactaron en la evoluci\u00f3n del empleo en nuestro pa\u00eds: el registro del INDEC del mes de septiembre arroja que la desocupaci\u00f3n trep\u00f3 al 9,6% de la poblaci\u00f3n, producto de los m\u00e1s de 270.000 puestos de trabajo que se perdieron en el \u00faltimo a\u00f1o.<br \/>\nEste nuevo \u00edndice es el m\u00e1s alto de los \u00faltimos doce a\u00f1os y contrasta con la tasa del 6,6% de desocupaci\u00f3n que hab\u00eda cuando Macri asumi\u00f3 a fines del 2015.<br \/>\n&nbsp;<br \/>\n6- LEY DE ABORTO:&nbsp;En el a\u00f1o de la revoluci\u00f3n feminista, la presentaci\u00f3n de la Ley por el Aborto Seguro Legal y Gratuito atraves\u00f3 una de las m\u00e1s importantes discusiones de orden social de este tiempo. Diversos colectivos sociales, siempre con la mujer y el colectivo LGTBIQ a la cabeza, impusieron en la agenda del Congreso la discusi\u00f3n de esta ley, que reconoce su g\u00e9nesis en la Campa\u00f1a Nacional por el Aborto Seguro Legal y Gratuito, las marchas por Ni Una menos, en los Encuentros Nacionales de Mujeres, en el rechazo a la Justicia Patriarcal, el D\u00eda Internacional de la Mujer, los paros nacionales de mujeres y otras acciones que la precedieron.&nbsp; &nbsp;<br \/>\nCon el apoyo de&nbsp; legisladore\/as de diferentes bancadas, en el mes de junio, la C\u00e1mara de Diputados aprob\u00f3 la ley por 129 contra 125 votos, que inmediatamente pas\u00f3 al Senado. Uno de los datos salientes de este proyecto fue la heterogeneidad de la votaci\u00f3n en esa c\u00e1mara que logr\u00f3 superar la rigidez con que se imponen en otros temas las definiciones pol\u00edtico- partidarias.<br \/>\nFinalmente el proyecto tal como se preve\u00eda no pas\u00f3 el filtro del Senado que la rechaz\u00f3 por 38 a 31, no s\u00f3lo por una sucesi\u00f3n de presiones pol\u00edticas, corporativas y eclesi\u00e1sticas sobre gobiernos provinciales, tambi\u00e9n por la ambivalencia del gobierno nacional: por un lado propiciando &nbsp;su&nbsp; tratamiento legislativo, por el otro alentando a sus referentes en el Senado a bloquear todos los intentos de convertirla en ley. &nbsp;&nbsp;&nbsp;<\/p>\n<p><img loading=\"lazy\" decoding=\"async\" class=\"aligncenter size-full wp-image-10786\" src=\"http:\/\/www.atecordoba.org\/wp-content\/uploads\/2019\/01\/49900058_230152257903917_8786713118576214016_n-e1546970448559.jpg\" alt=\"\" width=\"550\" height=\"324\"><\/p>\n<p>7- LEY JUBILATORIA:&nbsp;Esta ley votada a fines del 2017 tuvo aplicaci\u00f3n directa durante todo el 2018. Tal como lo adelantaban las voces que rechazaban la nueva ley, el ingreso de los jubilados tuvo este a\u00f1o una ca\u00edda de dos d\u00edgitos.<br \/>\nLejos de la mentira del presidente (estamos seguros que en 2018 los jubilados van a cobrar entre cuatro y seis por ciento m\u00e1s que la inflaci\u00f3n\u201d SIC) cuando el almanaque marque el \u00faltimo d\u00eda del a\u00f1o la p\u00e9rdida jubilatoria ser\u00e1 de 17 puntos o de 23, si es que como corresponde se suman los 6 puntos que no fueron percibidos por la caducidad del&nbsp; esquema de cobro, conocido como movilidad jubilatoria.<br \/>\nPara medir el volumen de la crisis en el \u00e1rea de la tercera edad, hacia agosto, el ingreso por jubilaci\u00f3n m\u00ednima era de 8.637 pesos mientras que las necesidades b\u00e1sicas llegaban a los 21.127 pesos mensuales.<br \/>\nUn dato que se col\u00f3 hacia el fin del a\u00f1o es el saqueo que se propicia en el ANSES. En este caso&nbsp;$86.000 millones de pesos para pagar deuda en cumplimiento de la programaci\u00f3n financiera para el ejercicio 2018 y con ello terminar de cubrir el d\u00e9ficit fiscal que a\u00fan registra el Estado nacional.<br \/>\n&nbsp;<br \/>\n8- INFLACION ANUAL:&nbsp;Cierra el a\u00f1o en torno al 47%. Esta es la segunda inflaci\u00f3n m\u00e1s alta de los \u00faltimos 27 a\u00f1os, despu\u00e9s de las hiper inflaci\u00f3n del a\u00f1o \u00b491, durante el gobierno de Carlos Menem.&nbsp;Se estima que desde Macri asumi\u00f3 su mandato a fines del 2015, la p\u00e9rdida del poder adquisitivo real llega&nbsp;&nbsp;al 26,3%.<br \/>\n&nbsp;<br \/>\n9- R\u00c9CORD DE EMISION DE DEUDA:&nbsp;Seg\u00fan datos del propio Ministerio de Hacienda la deuda p\u00fablica, para cuando asumi\u00f3 Macri en diciembre del 2015, llegaba a los 240.000 millones de d\u00f3lares, un equivalente al 52,6% del Producto Bruto Interno (PBI). Casi tres a\u00f1os despu\u00e9s (datos del segundo trimestre del 2018) es de 327.000 millones de d\u00f3lares, un porcentaje del 77,4% del PBI y que a diciembre se estima llegar\u00e1 a casi el 85%.<br \/>\nEn t\u00e9rminos netos de emisi\u00f3n (al segundo trimestre 2018), representa 87.000 millones de d\u00f3lares a lo que habr\u00e1 que sumarle el ingreso en este a\u00f1o de otros 51.200 millones de d\u00f3lares, que forman parte del acuerdo con el FMI.&nbsp;<br \/>\nSeg\u00fan estudios econ\u00f3micos, en casi 3 a\u00f1os el gobierno de Macri habr\u00e1 incrementado la deuda en entre 30 y 32 puntos, superando as\u00ed a la dictadura militar (1976\/1983) que la incremento en 30 puntos porcentuales, marcando as\u00ed un r\u00e9cord de emisi\u00f3n sobre cualquier otro gobierno en la historia Argentina.<br \/>\n&nbsp;<br \/>\n10- CIERRE, DESPIDOS&nbsp; Y QUITA DE PRESUPUESTO EN \u00c1REAS DEL ESTADO:&nbsp;En el&nbsp; 2018 se profundiz\u00f3 el ajuste practicado por el gobierno de Macri en diversas en \u00e1reas del Estado: Entre ellos est\u00e1: &#8211; El cierre de FANAZUL (mes de enero) y que las otras f\u00e1bricas militares sufrieron la quita de presupuesto y la compra de elementos de producci\u00f3n nacional a firmas extranjeras.<br \/>\n&#8211; Desinversi\u00f3n en el Astillero R\u00edo Santiago y la compra de lanchas que pod\u00edan producirse en el pa\u00eds a Israel.<br \/>\n&#8211; En el \u00e1rea nuclear el recorte presupuestario a la Planta Industrial de Agua Pesada (PIAP), que est\u00e1 paralizada desde mediados del 2017, la entrega a firmas chinas de la construcci\u00f3n de la nueva central nuclear, suspensi\u00f3n de contratos con el INVAP, el avance por la privatizaci\u00f3n de Dioxitek. Tambi\u00e9n en YCRT. &nbsp;&nbsp;<br \/>\n&#8211; En la Direcci\u00f3n de V\u00edas Navegables la discontinuidad de la delegaci\u00f3n Corrientes.<br \/>\n&#8211; La quita del rango ministerial a Salud, menos presupuesto y la desaparici\u00f3n de programas nacionales de Salud, que afectan a sectores m\u00e1s postergados de la sociedad.<br \/>\n&#8211; Recortes en la Subsecretar\u00eda de Agricultura Familiar, que atiende a peque\u00f1os productores, con despidos masivos y traslado de beneficios a la Sociedad Rural.<br \/>\n&#8211; La continuidad de despidos en la mayor\u00eda de las \u00e1reas del Estado.&nbsp;<\/p>\n<p><img loading=\"lazy\" decoding=\"async\" class=\"aligncenter size-full wp-image-10789\" src=\"http:\/\/www.atecordoba.org\/wp-content\/uploads\/2019\/01\/49531850_234692574095042_4552865689689391104_n-e1546970525840.jpg\" alt=\"\" width=\"550\" height=\"309\"><\/p>\n<p>11- FINAL DE LA COPA LIBERTADORES:&nbsp;Por su impacto debi\u00f3 ser el acontecimiento deportivo m\u00e1s grande de nuestra historia. Sin embargo se transform\u00f3 en el papel\u00f3n &nbsp;m\u00e1s grande del deporte que m\u00e1s aman los argentinos. El Boca-R\u00edver, River- Boca, iba a marcar un hito \u00fanico en la Copa Libertadores qued\u00f3 a merced de la falta de criterio y conducci\u00f3n pol\u00edtica de qui\u00e9n nos gobierna.&nbsp; La final de Madrid&nbsp; es otro cachetazo para el sentir del pueblo futbolero y un negocio con grandes r\u00e9ditos econ\u00f3micos para unos pocos y buenos amigos, y la clara sensaci\u00f3n de que una vez m\u00e1s Macri hizo gala de su escaso inter\u00e9s por sostener la soberan\u00eda del pa\u00eds, aunque esta se trate s\u00f3lo de la deportiva.&nbsp; &nbsp;<br \/>\n&nbsp;<br \/>\n&nbsp;<br \/>\n12- REUNION DEL G-20:&nbsp;En el mes de noviembre Buenos Aires fue sede del autodenominado Grupo de los 20 (G20), el espacio de reuni\u00f3n de las grandes potencias y \u00e1mbito de protecci\u00f3n para los negocios de las m\u00e1s importantes corporaciones del planeta. Este encuentro no dej\u00f3 grandes definiciones de inter\u00e9s para los pueblos sino una confirmaci\u00f3n de la continuidad de las pol\u00edticas econ\u00f3micas y sociales que el capital, financiero impone desde mediados de los \u00b470.&nbsp;<br \/>\nQue el encuentro tuviera sede en Buenos Aires tal vez sea una forma de agradecer al presidente Macri los servicios prestados para el desarrollo de sus pol\u00edticas neoliberales.&nbsp;&nbsp;&nbsp;<br \/>\nSin embargo la verdadera novedad que este encuentro dej\u00f3 para los argentinos fue la decisi\u00f3n de poner en pr\u00e1ctica el llamado Protocolo de Seguridad, que pasada la cumbre el gobierno decidi\u00f3 mantener y re utilizar en su favor, como una forma de controlar la creciente la protesta social que surge a partir del derrumbe econ\u00f3mico.&nbsp;<br \/>\nSobre el inter\u00e9s en el protocolo de Seguridad, no deber\u00eda pasar inadvertido que casi ni se haya hablado del rol del Ministro de Relaciones Exteriores, Jorge Faurie, en la cumbre, sino de las \u201cfelicitaciones\u201d presidenciales que recayeron en la figura de la ministra de Seguridad, Patricia Bullrich.&nbsp;<br \/>\nPrensa ATE<\/p>\n<p>&nbsp;<\/p>\n","protected":false},"excerpt":{"rendered":"<p>Datos que nos dej\u00f3 el a\u00f1o que se fue: 100% de devaluaci\u00f3n; acuerdo con el FMI despu\u00e9s de 15 a\u00f1os; aumento de la pobreza al 33,6%. &nbsp; Desde la brutal devaluaci\u00f3n de nuestra moneda hasta el acuerdo con el FMI, de la contracci\u00f3n brutal en los salarios al salto de los indicadores de pobreza, algunos [&hellip;]<\/p>\n","protected":false},"author":1,"featured_media":19220,"comment_status":"open","ping_status":"open","sticky":false,"template":"","format":"standard","meta":{"_exactmetrics_skip_tracking":false,"_exactmetrics_sitenote_active":false,"_exactmetrics_sitenote_note":"","_exactmetrics_sitenote_category":0,"jnews-multi-image_gallery":[],"jnews_single_post":[],"jnews_primary_category":[],"jnews_social_meta":[],"jnews_review":[],"enable_review":"","type":"","name":"","summary":"","brand":"","sku":"","good":[],"bad":[],"score_override":"","override_value":"","rating":[],"price":[],"jnews_override_counter":[],"jnews_post_split":[],"footnotes":""},"categories":[10,18],"tags":[],"class_list":["post-10784","post","type-post","status-publish","format-standard","has-post-thumbnail","hentry","category-accion-politica","category-nacionales"],"jetpack_featured_media_url":"https:\/\/atecordoba.org\/wp-content\/uploads\/2020\/05\/logo-nuevochico-e1561581322808.png","_links":{"self":[{"href":"https:\/\/atecordoba.org\/index.php?rest_route=\/wp\/v2\/posts\/10784","targetHints":{"allow":["GET"]}}],"collection":[{"href":"https:\/\/atecordoba.org\/index.php?rest_route=\/wp\/v2\/posts"}],"about":[{"href":"https:\/\/atecordoba.org\/index.php?rest_route=\/wp\/v2\/types\/post"}],"author":[{"embeddable":true,"href":"https:\/\/atecordoba.org\/index.php?rest_route=\/wp\/v2\/users\/1"}],"replies":[{"embeddable":true,"href":"https:\/\/atecordoba.org\/index.php?rest_route=%2Fwp%2Fv2%2Fcomments&post=10784"}],"version-history":[{"count":0,"href":"https:\/\/atecordoba.org\/index.php?rest_route=\/wp\/v2\/posts\/10784\/revisions"}],"wp:featuredmedia":[{"embeddable":true,"href":"https:\/\/atecordoba.org\/index.php?rest_route=\/wp\/v2\/media\/19220"}],"wp:attachment":[{"href":"https:\/\/atecordoba.org\/index.php?rest_route=%2Fwp%2Fv2%2Fmedia&parent=10784"}],"wp:term":[{"taxonomy":"category","embeddable":true,"href":"https:\/\/atecordoba.org\/index.php?rest_route=%2Fwp%2Fv2%2Fcategories&post=10784"},{"taxonomy":"post_tag","embeddable":true,"href":"https:\/\/atecordoba.org\/index.php?rest_route=%2Fwp%2Fv2%2Ftags&post=10784"}],"curies":[{"name":"wp","href":"https:\/\/api.w.org\/{rel}","templated":true}]}}