{"id":10771,"date":"2019-01-07T11:02:10","date_gmt":"2019-01-07T14:02:10","guid":{"rendered":"http:\/\/www.atecordoba.org\/?p=10771"},"modified":"2019-01-07T11:02:10","modified_gmt":"2019-01-07T14:02:10","slug":"gran-marcha-en-villa-maria-contra-los-despidos-en-fabricaciones-militares","status":"publish","type":"post","link":"https:\/\/atecordoba.org\/?p=10771","title":{"rendered":"Gran marcha en Villa Mar\u00eda contra los despidos en Fabricaciones Militares"},"content":{"rendered":"<p><em>ATE Nacional, provincial y local junto a otras seccionales y organizaciones desbordaron el centro de la ciudad para rechazar el vaciamiento.<\/em><\/p>\n<p><img loading=\"lazy\" decoding=\"async\" class=\"aligncenter size-full wp-image-10772\" src=\"http:\/\/www.atecordoba.org\/wp-content\/uploads\/2019\/01\/WhatsApp-Image-2019-01-07-at-10.31.00-e1546868518763.jpeg\" alt=\"\" width=\"550\" height=\"413\"><\/p>\n<p>&nbsp;<\/p>\n<p>El viernes 4 de Enero una gigantesca columna de trabajadoras y trabajadores estatales atraves\u00f3 el centro de la ciudad de Villa Mar\u00eda, para rechazar la nueva ola de despidos en Fabricaciones Militares de C\u00f3rdoba y Santa Fe. &nbsp;M\u00e1s de mil trabajadores se congregaron en la Plaza Centenario denunciando que desde 2015, el organismo perdi\u00f3 el 60% de su personal en todo el pa\u00eds, incluyendo el cierre total de la planta de Azul.<\/p>\n<p>De la marcha y el acto -que comenz\u00f3 pasadas las 19 horas- participaron representaciones de todas las expresiones sociales locales y provinciales, junto a dirigentes de la Asociaci\u00f3n Trabajadores del Estado y la CTA-Aut\u00f3noma. &nbsp;&nbsp;<\/p>\n<p>Luego de una jornada que comenz\u00f3 con una conferencia de prensa en la sede villamariense de ATE, la columna se moviliz\u00f3 hasta la plaza c\u00e9ntrica, pasando pac\u00edficamente por el local de Cambiemos que se encontraba fuertemente custodiado por la polic\u00eda.<\/p>\n<p><img loading=\"lazy\" decoding=\"async\" class=\"aligncenter size-full wp-image-10773\" src=\"http:\/\/www.atecordoba.org\/wp-content\/uploads\/2019\/01\/conferencia-prensa-e1546868813187.jpg\" alt=\"\" width=\"550\" height=\"309\"><\/p>\n<p>Ya en el escenario,&nbsp;<strong>el titular de ATE Villa Mar\u00eda, Fernando Mercado<\/strong>, asegur\u00f3: \u201cNo les tenemos miedo. Van a tener que hacer m\u00e1s que imputarnos, van a tener que hacer m\u00e1s que detenernos. Tenemos en las venas la sangre de Atilio L\u00f3pez, de Agust\u00edn Tosco, de Germ\u00e1n Abdala\u201d.<\/p>\n<p>Fabricaciones perdi\u00f3 desde 2015 m\u00e1s de la mitad de su personal, pasando de 2600 a 1050 trabajadores. ATE impulsa la formaci\u00f3n de cooperativas, la v\u00eda judicial para algunos casos puntuales y la presi\u00f3n para que Diputados de sanci\u00f3n al proyecto para reincorporar a los despedidos, que ya fue aprobado en Senadores.<\/p>\n<p>Por su parte,&nbsp;<strong>la m\u00e1xima referente del sindicato a nivel provincial, Liliana Salerno<\/strong>, reclam\u00f3 el acompa\u00f1amiento de los partidos pero advirti\u00f3: \u201cQue sepan que en este a\u00f1o electoral no les vamos a permitir que nos usen para buscar votos, lo que necesitamos es el compromiso real de todos los partidos pol\u00edticos\u201d<\/p>\n<p>Tambi\u00e9n hablaron, en la esquina de la plaza en la que nace la peatonal del centro, Walter Secondino, trabajador de la f\u00e1brica y referente de ATE en Villa Mar\u00eda; Ra\u00fal Daz de ATE Rosario; Cristian Colman de la seccional ATE R\u00edo Tercero; Walter Avalos, Secretario General ATE R\u00edo Cuarto; Federico Giuliani de la CTA Provincia de C\u00f3rdoba; Gustavo V\u00edlchez, fabriquero de la CTA Aut\u00f3noma local; Francisco Dolman, del INTI y del Consejo Directivo Nacional de ATE; la diputada nacional de Unidad Ciudadana por la Provincia de C\u00f3rdoba, Gabriela Est\u00e9vez; y el titular de la CGT local, Edgardo Garmendia.<\/p>\n<p>Sobre el cierre de la extensa e imponente protesta,&nbsp;<strong>el Secretario General de la Asociaci\u00f3n Trabajadores del Estado, Hugo Cachorro Godoy<\/strong>, destac\u00f3 la nutrida movilizaci\u00f3n y el amplio abanico de sectores presentes, asegurando que \u201cde la unidad en la lucha popular lograremos la recuperaci\u00f3n de las f\u00e1bricas cerradas, la recuperaci\u00f3n de las f\u00e1bricas vaciadas y la reincorporaci\u00f3n de las trabajadoras y los trabajadores despedidos. De la resistencia saldr\u00e1 el triunfo de la clase trabajadora\u201d.<\/p>\n<p>\u201cPor eso le decimos al gobernador de C\u00f3rdoba que se una a nuestra pelea porque est\u00e1 en juego la econom\u00eda de Villa Mar\u00eda, de R\u00edo Tercero y de toda la provincia\u201d, le dijo Godoy al mandatario Juan Schiaretti.<\/p>\n<p><img loading=\"lazy\" decoding=\"async\" class=\"aligncenter size-full wp-image-10774\" src=\"http:\/\/www.atecordoba.org\/wp-content\/uploads\/2019\/01\/frente-e1546868841344.png\" alt=\"\" width=\"550\" height=\"339\"><\/p>\n<p>\u201cNos enfrentamos con un gobierno y un poder trasnacional representado por el FMI que quieren destruir las \u00e1reas estrat\u00e9gicas del Estado para que no tengamos posibilidad de desarrollarnos como un pueblo libre y soberano\u201d, alert\u00f3 el titular de ATE Nacional, para finalmente anunciar que \u201ca partir de esta asamblea salimos a recorrer el pa\u00eds para ir a cada lugar donde haya f\u00e1bricas y organismos del Estado, con el fin de organizar esa medida de fuerza que ser\u00e1 ejemplar y que contar\u00e1 con el apoyo de gremios hermanos y organizaciones sociales de todo tipo\u201d, en referencia al Paro nacional que ATE programado para febrero.<\/p>\n<p>Participaron de las actividades de la jornada de lucha Oscar Cacho Mengarelli, ex trabajador del polvor\u00f3n de Villa Mar\u00eda e integrante del Centro Nacional de Jubilados de ATE, Alberto Labud\u00eda, jubilado de la F\u00e1brica de Fray Luis Beltran e integrante del consejo directivo de ATE Rosario, Marcelo de Rito, de ATE Nacional, y trabajadores y trabajadoras de otras \u00e1reas del Estado en la provincia. &nbsp;<\/p>\n<p>Durante el acto en la plaza estuvieron, entre otros, dirigentes de distintos gremios como UEPC, CEC, Apuvim, la Bancaria, Peones de Taxis, y activistas de la Corriente Clasista y Combativa, la Agrupaci\u00f3n de Mujeres Auto-convocadas por un Sue\u00f1o, Justicia Digna, Izquierda Socialista, el Partido del Trabajo y el Pueblo, APDH, Cooperativa de Trabajo Tosco Vive, el Foro Solidario C\u00f3rdoba Vive, Partido Justicialista en la persona del concejal Carlos De Falco, entre otros funcionarios, el GEN (a trav\u00e9s de su referente Guillermo Nardi), y el presidente del Concejo Deliberante, Jos\u00e9 Carignano.&nbsp;<\/p>\n<p><strong>Prensa ATE Nacional<\/strong><\/p>\n","protected":false},"excerpt":{"rendered":"<p>ATE Nacional, provincial y local junto a otras seccionales y organizaciones desbordaron el centro de la ciudad para rechazar el vaciamiento. &nbsp; El viernes 4 de Enero una gigantesca columna de trabajadoras y trabajadores estatales atraves\u00f3 el centro de la ciudad de Villa Mar\u00eda, para rechazar la nueva ola de despidos en Fabricaciones Militares de [&hellip;]<\/p>\n","protected":false},"author":1,"featured_media":19220,"comment_status":"open","ping_status":"open","sticky":false,"template":"","format":"standard","meta":{"_exactmetrics_skip_tracking":false,"_exactmetrics_sitenote_active":false,"_exactmetrics_sitenote_note":"","_exactmetrics_sitenote_category":0,"jnews-multi-image_gallery":[],"jnews_single_post":[],"jnews_primary_category":[],"jnews_social_meta":[],"jnews_review":[],"enable_review":"","type":"","name":"","summary":"","brand":"","sku":"","good":[],"bad":[],"score_override":"","override_value":"","rating":[],"price":[],"jnews_override_counter":[],"jnews_post_split":[],"footnotes":""},"categories":[10,75,17,18],"tags":[],"class_list":["post-10771","post","type-post","status-publish","format-standard","has-post-thumbnail","hentry","category-accion-politica","category-accion-social","category-fabricaciones-militares","category-nacionales"],"jetpack_featured_media_url":"https:\/\/atecordoba.org\/wp-content\/uploads\/2020\/05\/logo-nuevochico-e1561581322808.png","_links":{"self":[{"href":"https:\/\/atecordoba.org\/index.php?rest_route=\/wp\/v2\/posts\/10771","targetHints":{"allow":["GET"]}}],"collection":[{"href":"https:\/\/atecordoba.org\/index.php?rest_route=\/wp\/v2\/posts"}],"about":[{"href":"https:\/\/atecordoba.org\/index.php?rest_route=\/wp\/v2\/types\/post"}],"author":[{"embeddable":true,"href":"https:\/\/atecordoba.org\/index.php?rest_route=\/wp\/v2\/users\/1"}],"replies":[{"embeddable":true,"href":"https:\/\/atecordoba.org\/index.php?rest_route=%2Fwp%2Fv2%2Fcomments&post=10771"}],"version-history":[{"count":0,"href":"https:\/\/atecordoba.org\/index.php?rest_route=\/wp\/v2\/posts\/10771\/revisions"}],"wp:featuredmedia":[{"embeddable":true,"href":"https:\/\/atecordoba.org\/index.php?rest_route=\/wp\/v2\/media\/19220"}],"wp:attachment":[{"href":"https:\/\/atecordoba.org\/index.php?rest_route=%2Fwp%2Fv2%2Fmedia&parent=10771"}],"wp:term":[{"taxonomy":"category","embeddable":true,"href":"https:\/\/atecordoba.org\/index.php?rest_route=%2Fwp%2Fv2%2Fcategories&post=10771"},{"taxonomy":"post_tag","embeddable":true,"href":"https:\/\/atecordoba.org\/index.php?rest_route=%2Fwp%2Fv2%2Ftags&post=10771"}],"curies":[{"name":"wp","href":"https:\/\/api.w.org\/{rel}","templated":true}]}}