{"id":10762,"date":"2019-01-04T11:23:33","date_gmt":"2019-01-04T14:23:33","guid":{"rendered":"http:\/\/www.atecordoba.org\/?p=10762"},"modified":"2019-01-04T11:23:33","modified_gmt":"2019-01-04T14:23:33","slug":"parques-nacionales-en-alerta-porque-aun-no-se-renovaron-contratos","status":"publish","type":"post","link":"https:\/\/atecordoba.org\/?p=10762","title":{"rendered":"Parques Nacionales: en alerta porque a\u00fan no se renovaron contratos"},"content":{"rendered":"<p><em>Entre personal por Resoluci\u00f3n 48, trabajadores ICE (Br\u00edgadistas) y Decreto 1109\/18, alcanzan aproximadamente a 850 compa\u00f1eros.<\/em><\/p>\n<p><img loading=\"lazy\" decoding=\"async\" class=\"aligncenter size-full wp-image-10763\" src=\"http:\/\/www.atecordoba.org\/wp-content\/uploads\/2019\/01\/logo-ate-e1546610046803.jpg\" alt=\"\" width=\"550\" height=\"550\"><\/p>\n<p>&nbsp;<\/p>\n<p style=\"font-weight: 400;\">La Coordinaci\u00f3n Nacional de ATE-Parques Nacionales reclam\u00f3 al Directorio de esta Administraci\u00f3n, a efectuar la renovaci\u00f3n inmediata de todo\/as los contratos de los trabajadore\/as que bajo esta modalidad cumplen funciones para ese organismo.<\/p>\n<p style=\"font-weight: 400;\">El pedido gremial es que \u201cya terminado el a\u00f1o a\u00fan no han sido renovados a trav\u00e9s de la firma correspondiente todos los contratos de la planta transitoria para trabajadore\/as incluidos en la Resoluci\u00f3n 48, trabajadores ICE (Br\u00edgadistas) y Decreto 1109\/18, que alcanza aproximadamente a 850 compa\u00f1eros\u201d.<\/p>\n<p style=\"font-weight: 400;\">A la vez de declarase en estado de alerta y movilizaci\u00f3n esta sectorial de ATE tambi\u00e9n tiene por reclamo los siguientes puntos:<\/p>\n<p style=\"font-weight: 400;\">1- La renovaci\u00f3n de los 75 contratos temporales de los compa\u00f1eros Brigadistas que no fueron renovados para la Temporada de Incendios 2018- 2019, mas otros 6 casos sucedidos en los dos \u00f9ltimos d\u00ecas h\u00e0biles, y que hoy se encuentran sin su sustento laboral y econ\u00f3mico para sus familias, exigiendo que dichas renovaciones sean anualizadas como corresponde y como fuese acordado en marzo del 2018 con las autoridades de la APN.<\/p>\n<p style=\"font-weight: 400;\">2-&nbsp;&nbsp;&nbsp; Exigir el cumplimiento del pase a Contrato Resoluci\u00f3n 48 o Decreto 1109\/11 de los dos compa\u00f1eros ex Voluntarios Rentados del Parque Nacional Iguaz\u00fa que desde hace 5 meses quedaron sin trabajo. Asimismo se le recuerda al Directorio que la decisi\u00f3n de dotarlos sin trabajo se encuentra cubierta de tinte de discriminaci\u00f3n hacia la Diversidad Sexual (Que oportunamente fuese denunciada a las autoridades y que nunca respondieron), como tambi\u00e9n por Discriminaci\u00f3n Ideol\u00f3gica, Persecuci\u00f3n Gremial y Violencia por Autoridad Superior.<\/p>\n<p style=\"font-weight: 400;\">3-&nbsp;&nbsp;&nbsp; Manifestar el rechazo a los acuerdos de cooperaci\u00f3n firmados por el Directorio de la APN con Organizaciones Sin Fines de Lucro, con el objetivo de realizar voluntariados ad honorem relacionados a las actividades de conservaci\u00f3n e implementaci\u00f3n de proyectos para los cuales los profesionales y t\u00e9cnicos de la APN se encuentran ampliamente capacitados. De esta forma se inhibe el accionar de los compa\u00f1ero\/as trabajadores vulnerando el trabajo de los mismos.<\/p>\n<p style=\"font-weight: 400;\">4- Exigir la resoluci\u00f3n de todos los casos manifestados oportunamente a los representantes del Directorio de esta APN, en donde se hizo constatar la violencia laboral, abuso de poder, incumplimientos de los deberes de los funcionarios p\u00fablicos, discriminaci\u00f3n por orientaci\u00f3n sexual y pol\u00edtica.<\/p>\n<p style=\"font-weight: 400;\">5- Exigir la liberaci\u00f3n presupuestar\u00eda para el funcionamiento de las distintas AP y las Dilecciones T\u00e9cnicas Regionales, ya que con el recorte realizado para el funcionamiento del a\u00f1o 2019 es Insuficiente y Caduco, poniendo de esta manera en riesgo los Objetivos de Creaci\u00f3n de Nuestra instituci\u00f3n como tambi\u00e9n los objetivos de creaci\u00f3n de nuestras \u00c1reas Protegidas.<\/p>\n<p style=\"font-weight: 400;\"><b><strong style=\"font-style: inherit;\">Prensa ATE<\/strong><\/b><\/p>\n","protected":false},"excerpt":{"rendered":"<p>Entre personal por Resoluci\u00f3n 48, trabajadores ICE (Br\u00edgadistas) y Decreto 1109\/18, alcanzan aproximadamente a 850 compa\u00f1eros. &nbsp; La Coordinaci\u00f3n Nacional de ATE-Parques Nacionales reclam\u00f3 al Directorio de esta Administraci\u00f3n, a efectuar la renovaci\u00f3n inmediata de todo\/as los contratos de los trabajadore\/as que bajo esta modalidad cumplen funciones para ese organismo. El pedido gremial es que [&hellip;]<\/p>\n","protected":false},"author":1,"featured_media":19220,"comment_status":"open","ping_status":"open","sticky":false,"template":"","format":"standard","meta":{"_exactmetrics_skip_tracking":false,"_exactmetrics_sitenote_active":false,"_exactmetrics_sitenote_note":"","_exactmetrics_sitenote_category":0,"jnews-multi-image_gallery":[],"jnews_single_post":[],"jnews_primary_category":[],"jnews_social_meta":[],"jnews_review":[],"enable_review":"","type":"","name":"","summary":"","brand":"","sku":"","good":[],"bad":[],"score_override":"","override_value":"","rating":[],"price":[],"jnews_override_counter":[],"jnews_post_split":[],"footnotes":""},"categories":[18,96],"tags":[],"class_list":["post-10762","post","type-post","status-publish","format-standard","has-post-thumbnail","hentry","category-nacionales","category-parques-nacionales-2"],"jetpack_featured_media_url":"https:\/\/atecordoba.org\/wp-content\/uploads\/2020\/05\/logo-nuevochico-e1561581322808.png","_links":{"self":[{"href":"https:\/\/atecordoba.org\/index.php?rest_route=\/wp\/v2\/posts\/10762","targetHints":{"allow":["GET"]}}],"collection":[{"href":"https:\/\/atecordoba.org\/index.php?rest_route=\/wp\/v2\/posts"}],"about":[{"href":"https:\/\/atecordoba.org\/index.php?rest_route=\/wp\/v2\/types\/post"}],"author":[{"embeddable":true,"href":"https:\/\/atecordoba.org\/index.php?rest_route=\/wp\/v2\/users\/1"}],"replies":[{"embeddable":true,"href":"https:\/\/atecordoba.org\/index.php?rest_route=%2Fwp%2Fv2%2Fcomments&post=10762"}],"version-history":[{"count":0,"href":"https:\/\/atecordoba.org\/index.php?rest_route=\/wp\/v2\/posts\/10762\/revisions"}],"wp:featuredmedia":[{"embeddable":true,"href":"https:\/\/atecordoba.org\/index.php?rest_route=\/wp\/v2\/media\/19220"}],"wp:attachment":[{"href":"https:\/\/atecordoba.org\/index.php?rest_route=%2Fwp%2Fv2%2Fmedia&parent=10762"}],"wp:term":[{"taxonomy":"category","embeddable":true,"href":"https:\/\/atecordoba.org\/index.php?rest_route=%2Fwp%2Fv2%2Fcategories&post=10762"},{"taxonomy":"post_tag","embeddable":true,"href":"https:\/\/atecordoba.org\/index.php?rest_route=%2Fwp%2Fv2%2Ftags&post=10762"}],"curies":[{"name":"wp","href":"https:\/\/api.w.org\/{rel}","templated":true}]}}