{"id":10749,"date":"2019-01-02T14:02:26","date_gmt":"2019-01-02T17:02:26","guid":{"rendered":"http:\/\/www.atecordoba.org\/?p=10749"},"modified":"2020-07-02T11:44:57","modified_gmt":"2020-07-02T14:44:57","slug":"jubilados-nacionales-de-ate-repudian-un-nuevo-saqueo-a-la-anses","status":"publish","type":"post","link":"https:\/\/atecordoba.org\/?p=10749","title":{"rendered":"Jubilados nacionales de ATE repudian un nuevo saqueo a la ANSES"},"content":{"rendered":"<p><em>El Centro Nacional de Jubilados y Pensionados rechaz\u00f3 la quita de 86 mil millones de pesos al organismo para pagar deuda y gastos operativos.<\/em><\/p>\n<p><img loading=\"lazy\" decoding=\"async\" class=\"aligncenter size-full wp-image-10750\" src=\"http:\/\/www.atecordoba.org\/wp-content\/uploads\/2019\/01\/jubilados-frente-a-anses-nacional-e1546448514713.jpg\" alt=\"\" width=\"550\" height=\"354\"><\/p>\n<p style=\"font-weight: 400;\">\u201cBasta de saqueo oficial a la ANSES\u201d, expresaron desde el Centro Nacional de Jubilados y Pensionados de la ATE, al denunciar en\u00e9rgicamente el nuevo saqueo llevado a cabo por el Gobierno Nacional sobre los fondos de la A.N.Se.S., a los fines de pagar servicios de la deuda y resolver gastos operativos.<\/p>\n<p style=\"font-weight: 400;\">En un comunicado, el CNJ denunci\u00f3: \u201cEn \u00e9sta oportunidad se trata $86.000 millones de pesos para pagar deuda en cumplimiento de la programaci\u00f3n financiera para el ejercicio 2018 y con ello terminar de cubrir el d\u00e9ficit fiscal que a\u00fan registra el Estado nacional\u201d.<\/p>\n<p style=\"font-weight: 400;\">\u201cUna vez&nbsp; m\u00e1s la inhumanidad en los actos de gobierno, quedan reflejados a la luz, cuando insensiblemente se toman los recursos aportados a lo largo de nuestras vidas activas a los fines de alcanzar una tercera edad en condiciones dignas de vivirla, para tapar los desajustes y el vaciamiento&nbsp; econ\u00f3mico nacional al que vienen sometiendo a nuestro pa\u00eds\u201d, expresaron.<\/p>\n<p style=\"font-weight: 400;\">Y alertaron: \u201cSomos los sectores m\u00e1s vulnerables los que venimos sufriendo estos atropellos, y lo ser\u00e1n las nuevas generaciones de trabajadores jubilados, de no frenarse con responsabilidad social, desde nuestros espacios de organizaci\u00f3n y lucha, la continuidad de las actuales pol\u00edticas de endeudamiento, debilitamiento del Estado, desempleo y entrega de nuestro patrimonio\u201d.<\/p>\n","protected":false},"excerpt":{"rendered":"<p>El Centro Nacional de Jubilados y Pensionados rechaz\u00f3 la quita de 86 mil millones de pesos al organismo para pagar deuda y gastos operativos. \u201cBasta de saqueo oficial a la ANSES\u201d, expresaron desde el Centro Nacional de Jubilados y Pensionados de la ATE, al denunciar en\u00e9rgicamente el nuevo saqueo llevado a cabo por el Gobierno [&hellip;]<\/p>\n","protected":false},"author":1,"featured_media":19220,"comment_status":"open","ping_status":"open","sticky":false,"template":"","format":"standard","meta":{"_exactmetrics_skip_tracking":false,"_exactmetrics_sitenote_active":false,"_exactmetrics_sitenote_note":"","_exactmetrics_sitenote_category":0,"jnews-multi-image_gallery":[],"jnews_single_post":[],"jnews_primary_category":[],"jnews_social_meta":[],"jnews_review":[],"enable_review":"","type":"","name":"","summary":"","brand":"","sku":"","good":[],"bad":[],"score_override":"","override_value":"","rating":[],"price":[],"jnews_override_counter":[],"jnews_post_split":[],"footnotes":""},"categories":[22,18],"tags":[38],"class_list":["post-10749","post","type-post","status-publish","format-standard","has-post-thumbnail","hentry","category-jubilados","category-nacionales","tag-anses"],"jetpack_featured_media_url":"https:\/\/atecordoba.org\/wp-content\/uploads\/2020\/05\/logo-nuevochico-e1561581322808.png","_links":{"self":[{"href":"https:\/\/atecordoba.org\/index.php?rest_route=\/wp\/v2\/posts\/10749","targetHints":{"allow":["GET"]}}],"collection":[{"href":"https:\/\/atecordoba.org\/index.php?rest_route=\/wp\/v2\/posts"}],"about":[{"href":"https:\/\/atecordoba.org\/index.php?rest_route=\/wp\/v2\/types\/post"}],"author":[{"embeddable":true,"href":"https:\/\/atecordoba.org\/index.php?rest_route=\/wp\/v2\/users\/1"}],"replies":[{"embeddable":true,"href":"https:\/\/atecordoba.org\/index.php?rest_route=%2Fwp%2Fv2%2Fcomments&post=10749"}],"version-history":[{"count":1,"href":"https:\/\/atecordoba.org\/index.php?rest_route=\/wp\/v2\/posts\/10749\/revisions"}],"predecessor-version":[{"id":20565,"href":"https:\/\/atecordoba.org\/index.php?rest_route=\/wp\/v2\/posts\/10749\/revisions\/20565"}],"wp:featuredmedia":[{"embeddable":true,"href":"https:\/\/atecordoba.org\/index.php?rest_route=\/wp\/v2\/media\/19220"}],"wp:attachment":[{"href":"https:\/\/atecordoba.org\/index.php?rest_route=%2Fwp%2Fv2%2Fmedia&parent=10749"}],"wp:term":[{"taxonomy":"category","embeddable":true,"href":"https:\/\/atecordoba.org\/index.php?rest_route=%2Fwp%2Fv2%2Fcategories&post=10749"},{"taxonomy":"post_tag","embeddable":true,"href":"https:\/\/atecordoba.org\/index.php?rest_route=%2Fwp%2Fv2%2Ftags&post=10749"}],"curies":[{"name":"wp","href":"https:\/\/api.w.org\/{rel}","templated":true}]}}