{"id":10735,"date":"2018-12-28T14:28:15","date_gmt":"2018-12-28T17:28:15","guid":{"rendered":"http:\/\/www.atecordoba.org\/?p=10735"},"modified":"2018-12-28T14:28:15","modified_gmt":"2018-12-28T17:28:15","slug":"ffmm-repudio-a-los-despidos-y-plan-de-lucha-hasta-la-reincorporacion-total","status":"publish","type":"post","link":"https:\/\/atecordoba.org\/?p=10735","title":{"rendered":"FFMM: repudio a los despidos y plan de lucha hasta la reincorporaci\u00f3n total"},"content":{"rendered":"<p><em>Se conocieron ayer 49 despidos en el organismo, 24 en C\u00f3rdoba entre R\u00edo Tercero y Villa Mar\u00eda. <\/em><\/p>\n<p><img loading=\"lazy\" decoding=\"async\" class=\"aligncenter size-full wp-image-10736\" src=\"http:\/\/www.atecordoba.org\/wp-content\/uploads\/2018\/12\/WhatsApp-Image-2018-12-28-at-10.57.32-e1546017490267.jpeg\" alt=\"\" width=\"550\" height=\"413\"><\/p>\n<p>En un nuevo cap\u00edtulo del ajuste despiadado que la gesti\u00f3n macrista impone sobre distintos sectores del Estado nacional, ayer se conoci\u00f3 que casi medio centenar de compa\u00f1eros de la Direcci\u00f3n Nacional de Fabricaciones Militares no ver\u00e1n renovados sus contratos a partir del 31 de diciembre.<\/p>\n<p>La medida golpea duramente a nuestra provincia donde se encuentran dos de las plantas productivas se\u00f1eras del organismo, en R\u00edo Tercero y Villa Mar\u00eda. All\u00ed se produjeron 16 y 8 despidos respectivamente.<\/p>\n<p>El lote de trabajadores&nbsp; que no tendr\u00e1n que llevarle a la mesa de sus familias se completa con 15 despidos en la f\u00e1brica de Fray Luis Beltr\u00e1n, Rosario, 10 en la sede central de CABA y uno en la planta ubicada en Jachal, San Juan.<\/p>\n<p>Conocida la situaci\u00f3n, ATE C\u00f3rdoba se moviliz\u00f3 a las dos plantas de la provincia para respaldar a los compa\u00f1eros despedidos y ratificar el compromiso de resistir esta nueva ola de ajuste que se desataca sobre el sector, un organismo del Estado nacional donde pareciera el gobierno especialmente ensa\u00f1ado, bajo la figura \u2013parad\u00f3jicamente- de un cordob\u00e9s como Oscar Aguad. Conocido como \u2018el milico\u2019, Aguad es sin duda servil un soldado de las pol\u00edticas dirigidas a destruir la industria nacional y al sector productivo de Defensa, que est\u00e1 bajo su \u00f3rbita, todo dentro del plan de ajuste que Macri acord\u00f3 este a\u00f1o con el FMI para poder sostener su bicicleta financiera.<\/p>\n<p><img loading=\"lazy\" decoding=\"async\" class=\"aligncenter size-full wp-image-10737\" src=\"http:\/\/www.atecordoba.org\/wp-content\/uploads\/2018\/12\/WhatsApp-Image-2018-12-28-at-10.57.05-e1546017515839.jpeg\" alt=\"\" width=\"550\" height=\"413\"><\/p>\n<p>As\u00ed, esta ma\u00f1ana, trabajadores y dirigentes se congregaron tanto en R\u00edo Tercero como en Villa Mar\u00eda para hacer p\u00fablico el rechazo de nuestra organizaci\u00f3n a los despidos. La Secretaria General del CDP, Liliana Salerno, junto a miembros de la comisi\u00f3n directiva, se congregaron en la puerta de la f\u00e1brica de R\u00edo Tercero, y los dirigentes de la seccional, encabezados por el secretario General, Cristian Colman.<\/p>\n<p>Salerno dijo a la prensa que \u201cvamos a seguir reclamando la renovaci\u00f3n de todos los contratos, e insistiremos &nbsp;en que el congreso apruebe el proyecto con media sanci\u00f3n del Senado para que se reincorporen los despedidos de todo 2017. Sabemos que el fin \u00faltimo del gobierno es cerrar todas las f\u00e1bricas, as\u00ed que todos deben tener claro que vamos a resistir, como hicimos en los \u201990, porque esa fue la forma de que las f\u00e1bricas siguieran en pie en su momento y as\u00ed ser\u00e1 en el futuro\u201d.<\/p>\n<p>En tal sentido, la secretaria General expres\u00f3 que ATE en su conjunto estar\u00e1 de pie para revertir la situaci\u00f3n de Fabricaciones Militares.<\/p>\n<p>Por su parte, el secretario Gremial de la seccional R\u00edo Tercero, Dami\u00e1n Albornoz, se dirigi\u00f3 a los presentes para ratificar la continuidad del plan de lucha. \u201cVamos a dar la pelea que sea necesaria para que cada compa\u00f1ero recupere su puesto de trabajo\u201d, afirm\u00f3.<\/p>\n<p>Durante el acto se pudo advertir la presencia amenazante de un numeroso grupo de efectivos de la Gendarmer\u00eda dentro del predio de la f\u00e1brica y de contingentes de la polic\u00eda provincial en las adyacencias de la planta.<\/p>\n<p>En tanto, Ate levant\u00f3 una olla popular en la puerta de la f\u00e1brica, que se desarrollar\u00e1 hasta las 15 horas. Posteriormente, los compa\u00f1eros se trasladar\u00e1n a la sede del gremio para determinar los pasos a seguir.<\/p>\n<p><strong>Villa Mar\u00eda<\/strong><\/p>\n<p>Por su parte, la seccional Villa Mar\u00eda convoc\u00f3 a una asamblea a primera hora de la ma\u00f1ana donde se debati\u00f3 la situaci\u00f3n del sector a partir de conocer los despidos. En la oportunidad se revolvi\u00f3 solicitar al Consejo Deliberante local una sesi\u00f3n especial para repudiar los despidos. Tambi\u00e9n se propuso unificar la lucha con la seccional R\u00edo Tercero y movilizarse al centro de la ciudad inmediatamente a los fines de hacer p\u00fablica nuestra voluntad de resistir el ajuste.<\/p>\n<p><img loading=\"lazy\" decoding=\"async\" class=\"aligncenter size-full wp-image-10738\" src=\"http:\/\/www.atecordoba.org\/wp-content\/uploads\/2018\/12\/WhatsApp-Image-2018-12-28-at-12.33.14-e1546017567106.jpeg\" alt=\"\" width=\"550\" height=\"413\"><\/p>\n<p>Dirigida por el secretario General de la seccional, Fernando Mercado, alrededor de 300 compa\u00f1eros marcharon por el centro de Villa Mar\u00eda. Los compa\u00f1eros fueron acompa\u00f1ados por trabajadores organizados en la CTA-A, la regional de la CGT, la UEPC, AOITA, estudiantes de la Universidad Nacional de Villa Mar\u00eda, el Frente Patri\u00f3tico, Frente Ciudadano, municipales de la ciudad, entre otros sectores.<\/p>\n<p>A su turno, Mercado detall\u00f3 que \u201ca pesar de las licencias de la mayor\u00eda de los compa\u00f1eros, el gremio no se toma vacaciones y organizaremos hechos pol\u00edticos, caravanas para difundir este brutal golpe al trabajo en la ciudad. Tambi\u00e9n estaremos presentes en el festival de pe\u00f1as y en todos los lugares donde podamos hacer sentir nuestro repudio al gobierno de Macri y al ajuste que est\u00e1n imponiendo sobre nuestras espaldas\u201d.<\/p>\n<p>Vale se\u00f1alar que el secretario General de ATE, Hugo Godoy, llam\u00f3 a los compa\u00f1eros para solidarizarse, de la misma manera que el secretario General de la CTA-A provincial, Federico Giuliani.<\/p>\n<p>&nbsp;<\/p>\n","protected":false},"excerpt":{"rendered":"<p>Se conocieron ayer 49 despidos en el organismo, 24 en C\u00f3rdoba entre R\u00edo Tercero y Villa Mar\u00eda. En un nuevo cap\u00edtulo del ajuste despiadado que la gesti\u00f3n macrista impone sobre distintos sectores del Estado nacional, ayer se conoci\u00f3 que casi medio centenar de compa\u00f1eros de la Direcci\u00f3n Nacional de Fabricaciones Militares no ver\u00e1n renovados sus [&hellip;]<\/p>\n","protected":false},"author":1,"featured_media":19220,"comment_status":"open","ping_status":"open","sticky":false,"template":"","format":"standard","meta":{"_exactmetrics_skip_tracking":false,"_exactmetrics_sitenote_active":false,"_exactmetrics_sitenote_note":"","_exactmetrics_sitenote_category":0,"jnews-multi-image_gallery":[],"jnews_single_post":[],"jnews_primary_category":[],"jnews_social_meta":[],"jnews_review":[],"enable_review":"","type":"","name":"","summary":"","brand":"","sku":"","good":[],"bad":[],"score_override":"","override_value":"","rating":[],"price":[],"jnews_override_counter":[],"jnews_post_split":[],"footnotes":""},"categories":[17,18],"tags":[],"class_list":["post-10735","post","type-post","status-publish","format-standard","has-post-thumbnail","hentry","category-fabricaciones-militares","category-nacionales"],"jetpack_featured_media_url":"https:\/\/atecordoba.org\/wp-content\/uploads\/2020\/05\/logo-nuevochico-e1561581322808.png","_links":{"self":[{"href":"https:\/\/atecordoba.org\/index.php?rest_route=\/wp\/v2\/posts\/10735","targetHints":{"allow":["GET"]}}],"collection":[{"href":"https:\/\/atecordoba.org\/index.php?rest_route=\/wp\/v2\/posts"}],"about":[{"href":"https:\/\/atecordoba.org\/index.php?rest_route=\/wp\/v2\/types\/post"}],"author":[{"embeddable":true,"href":"https:\/\/atecordoba.org\/index.php?rest_route=\/wp\/v2\/users\/1"}],"replies":[{"embeddable":true,"href":"https:\/\/atecordoba.org\/index.php?rest_route=%2Fwp%2Fv2%2Fcomments&post=10735"}],"version-history":[{"count":0,"href":"https:\/\/atecordoba.org\/index.php?rest_route=\/wp\/v2\/posts\/10735\/revisions"}],"wp:featuredmedia":[{"embeddable":true,"href":"https:\/\/atecordoba.org\/index.php?rest_route=\/wp\/v2\/media\/19220"}],"wp:attachment":[{"href":"https:\/\/atecordoba.org\/index.php?rest_route=%2Fwp%2Fv2%2Fmedia&parent=10735"}],"wp:term":[{"taxonomy":"category","embeddable":true,"href":"https:\/\/atecordoba.org\/index.php?rest_route=%2Fwp%2Fv2%2Fcategories&post=10735"},{"taxonomy":"post_tag","embeddable":true,"href":"https:\/\/atecordoba.org\/index.php?rest_route=%2Fwp%2Fv2%2Ftags&post=10735"}],"curies":[{"name":"wp","href":"https:\/\/api.w.org\/{rel}","templated":true}]}}