{"id":10726,"date":"2018-12-20T11:51:40","date_gmt":"2018-12-20T14:51:40","guid":{"rendered":"http:\/\/www.atecordoba.org\/?p=10726"},"modified":"2020-07-02T11:45:15","modified_gmt":"2020-07-02T14:45:15","slug":"pasan-a-planta-transitoria-a-250-trabajadores-de-anses","status":"publish","type":"post","link":"https:\/\/atecordoba.org\/?p=10726","title":{"rendered":"Pasan a planta transitoria a 250 trabajadores de Anses"},"content":{"rendered":"<p><em>En una verdadera conquista por la continuidad laboral de 250 familias, el Anses firm\u00f3 el masivo pase a planta transitoria.<\/em><\/p>\n<p><img loading=\"lazy\" decoding=\"async\" class=\"aligncenter size-full wp-image-10727\" src=\"http:\/\/www.atecordoba.org\/wp-content\/uploads\/2018\/12\/planta-transitoria-250-e1545317421846.jpeg\" alt=\"\" width=\"400\" height=\"565\"><\/p>\n<p>Se trata de un acuerdo que garantiza los puestos de trabajo a los compa\u00f1eros que revisten funciones de asistencia t\u00e9cnica de Anses, que por decreto estaban despedidos y ahora tendr\u00e1n un contrato a plazo fijo.<\/p>\n<p>Si bien se trata de una contradicci\u00f3n con los t\u00e9rminos del convenio colectivo sectorial, tambi\u00e9n es cierto que para ATE fue prioritario dar continuidad a las fuentes de trabajo en momentos tan d\u00edficiles para la econom\u00eda de las familias.<\/p>\n<p>Sin embargo, esta situaci\u00f3n excepcional no nos hace renunciar a los reclamos permanentes por le pase a palnta, el cese de los despidos, la reincorporaci\u00f3n de los despdidos y la apertura de la paritaria sectorial.&nbsp;<\/p>\n","protected":false},"excerpt":{"rendered":"<p>En una verdadera conquista por la continuidad laboral de 250 familias, el Anses firm\u00f3 el masivo pase a planta transitoria. Se trata de un acuerdo que garantiza los puestos de trabajo a los compa\u00f1eros que revisten funciones de asistencia t\u00e9cnica de Anses, que por decreto estaban despedidos y ahora tendr\u00e1n un contrato a plazo fijo. [&hellip;]<\/p>\n","protected":false},"author":1,"featured_media":19220,"comment_status":"open","ping_status":"open","sticky":false,"template":"","format":"standard","meta":{"_exactmetrics_skip_tracking":false,"_exactmetrics_sitenote_active":false,"_exactmetrics_sitenote_note":"","_exactmetrics_sitenote_category":0,"jnews-multi-image_gallery":[],"jnews_single_post":[],"jnews_primary_category":[],"jnews_social_meta":[],"jnews_review":[],"enable_review":"","type":"","name":"","summary":"","brand":"","sku":"","good":[],"bad":[],"score_override":"","override_value":"","rating":[],"price":[],"jnews_override_counter":[],"jnews_post_split":[],"footnotes":""},"categories":[18],"tags":[38],"class_list":["post-10726","post","type-post","status-publish","format-standard","has-post-thumbnail","hentry","category-nacionales","tag-anses"],"jetpack_featured_media_url":"https:\/\/atecordoba.org\/wp-content\/uploads\/2020\/05\/logo-nuevochico-e1561581322808.png","_links":{"self":[{"href":"https:\/\/atecordoba.org\/index.php?rest_route=\/wp\/v2\/posts\/10726","targetHints":{"allow":["GET"]}}],"collection":[{"href":"https:\/\/atecordoba.org\/index.php?rest_route=\/wp\/v2\/posts"}],"about":[{"href":"https:\/\/atecordoba.org\/index.php?rest_route=\/wp\/v2\/types\/post"}],"author":[{"embeddable":true,"href":"https:\/\/atecordoba.org\/index.php?rest_route=\/wp\/v2\/users\/1"}],"replies":[{"embeddable":true,"href":"https:\/\/atecordoba.org\/index.php?rest_route=%2Fwp%2Fv2%2Fcomments&post=10726"}],"version-history":[{"count":1,"href":"https:\/\/atecordoba.org\/index.php?rest_route=\/wp\/v2\/posts\/10726\/revisions"}],"predecessor-version":[{"id":20566,"href":"https:\/\/atecordoba.org\/index.php?rest_route=\/wp\/v2\/posts\/10726\/revisions\/20566"}],"wp:featuredmedia":[{"embeddable":true,"href":"https:\/\/atecordoba.org\/index.php?rest_route=\/wp\/v2\/media\/19220"}],"wp:attachment":[{"href":"https:\/\/atecordoba.org\/index.php?rest_route=%2Fwp%2Fv2%2Fmedia&parent=10726"}],"wp:term":[{"taxonomy":"category","embeddable":true,"href":"https:\/\/atecordoba.org\/index.php?rest_route=%2Fwp%2Fv2%2Fcategories&post=10726"},{"taxonomy":"post_tag","embeddable":true,"href":"https:\/\/atecordoba.org\/index.php?rest_route=%2Fwp%2Fv2%2Ftags&post=10726"}],"curies":[{"name":"wp","href":"https:\/\/api.w.org\/{rel}","templated":true}]}}