{"id":10712,"date":"2018-12-19T15:27:01","date_gmt":"2018-12-19T18:27:01","guid":{"rendered":"http:\/\/www.atecordoba.org\/?p=10712"},"modified":"2018-12-19T15:27:01","modified_gmt":"2018-12-19T18:27:01","slug":"trabajadoras-del-polo-de-la-mujer-marcharon-al-ministerio-de-justicia-y-ddhh","status":"publish","type":"post","link":"https:\/\/atecordoba.org\/?p=10712","title":{"rendered":"Trabajadoras del Polo de la Mujer marcharon al Ministerio de Justicia y DDHH"},"content":{"rendered":"<p><em>Reclamaron la actualizaci\u00f3n y equiparaci\u00f3n de los monotributos en el organismo.<\/em><\/p>\n<p><img loading=\"lazy\" decoding=\"async\" class=\"aligncenter size-full wp-image-10713\" src=\"http:\/\/www.atecordoba.org\/wp-content\/uploads\/2018\/12\/WhatsApp-Image-2018-12-19-at-14.51.05-1-e1545243847439.jpeg\" alt=\"\" width=\"550\" height=\"413\"><\/p>\n<p>Una importante movilizaci\u00f3n de trabajadoras del Polo Integral de la Mujer se realiz\u00f3 ayer al mediod\u00eda para reclamar a las autoridades el incremento del valor del monotributo.<\/p>\n<p>La medida se realiz\u00f3 despu\u00e9s de llevar a cabo una asamblea donde hubo quejas generalizadas por el desfasaje que sufren algunas compa\u00f1eras en el pago de sus remuneraciones bajo la modalidad de facturas contra servicio.<\/p>\n<p><img loading=\"lazy\" decoding=\"async\" class=\"aligncenter size-full wp-image-10714\" src=\"http:\/\/www.atecordoba.org\/wp-content\/uploads\/2018\/12\/WhatsApp-Image-2018-12-19-at-14.51.04-e1545243890588.jpeg\" alt=\"\" width=\"550\" height=\"413\"><\/p>\n<p>Al mismo tiempo las trabajadoras expresaron el hist\u00f3rico reclamo por el fin de la precarizaci\u00f3n laboral, que tiene a los monotrobutistas como m\u00e1xima muestra de esta penosa situaci\u00f3n.<\/p>\n<p>En la oportunidad estuvieron presentes miembros de la comisi\u00f3n directiva del Consejo Directivo Provincial de ATE C\u00f3rdoba y trabajadoras de la repartici\u00f3n.<\/p>\n<p><img loading=\"lazy\" decoding=\"async\" class=\"aligncenter size-full wp-image-10716\" src=\"http:\/\/www.atecordoba.org\/wp-content\/uploads\/2018\/12\/WhatsApp-Image-2018-12-19-at-14.51.05-e1545243990779.jpeg\" alt=\"\" width=\"550\" height=\"413\"><\/p>\n","protected":false},"excerpt":{"rendered":"<p>Reclamaron la actualizaci\u00f3n y equiparaci\u00f3n de los monotributos en el organismo. Una importante movilizaci\u00f3n de trabajadoras del Polo Integral de la Mujer se realiz\u00f3 ayer al mediod\u00eda para reclamar a las autoridades el incremento del valor del monotributo. La medida se realiz\u00f3 despu\u00e9s de llevar a cabo una asamblea donde hubo quejas generalizadas por el [&hellip;]<\/p>\n","protected":false},"author":1,"featured_media":19220,"comment_status":"open","ping_status":"open","sticky":false,"template":"","format":"standard","meta":{"_exactmetrics_skip_tracking":false,"_exactmetrics_sitenote_active":false,"_exactmetrics_sitenote_note":"","_exactmetrics_sitenote_category":0,"jnews-multi-image_gallery":[],"jnews_single_post":[],"jnews_primary_category":[],"jnews_social_meta":[],"jnews_review":[],"enable_review":"","type":"","name":"","summary":"","brand":"","sku":"","good":[],"bad":[],"score_override":"","override_value":"","rating":[],"price":[],"jnews_override_counter":[],"jnews_post_split":[],"footnotes":""},"categories":[142],"tags":[],"class_list":["post-10712","post","type-post","status-publish","format-standard","has-post-thumbnail","hentry","category-polo-de-la-mujer-de-la-provincia"],"jetpack_featured_media_url":"https:\/\/atecordoba.org\/wp-content\/uploads\/2020\/05\/logo-nuevochico-e1561581322808.png","_links":{"self":[{"href":"https:\/\/atecordoba.org\/index.php?rest_route=\/wp\/v2\/posts\/10712","targetHints":{"allow":["GET"]}}],"collection":[{"href":"https:\/\/atecordoba.org\/index.php?rest_route=\/wp\/v2\/posts"}],"about":[{"href":"https:\/\/atecordoba.org\/index.php?rest_route=\/wp\/v2\/types\/post"}],"author":[{"embeddable":true,"href":"https:\/\/atecordoba.org\/index.php?rest_route=\/wp\/v2\/users\/1"}],"replies":[{"embeddable":true,"href":"https:\/\/atecordoba.org\/index.php?rest_route=%2Fwp%2Fv2%2Fcomments&post=10712"}],"version-history":[{"count":0,"href":"https:\/\/atecordoba.org\/index.php?rest_route=\/wp\/v2\/posts\/10712\/revisions"}],"wp:featuredmedia":[{"embeddable":true,"href":"https:\/\/atecordoba.org\/index.php?rest_route=\/wp\/v2\/media\/19220"}],"wp:attachment":[{"href":"https:\/\/atecordoba.org\/index.php?rest_route=%2Fwp%2Fv2%2Fmedia&parent=10712"}],"wp:term":[{"taxonomy":"category","embeddable":true,"href":"https:\/\/atecordoba.org\/index.php?rest_route=%2Fwp%2Fv2%2Fcategories&post=10712"},{"taxonomy":"post_tag","embeddable":true,"href":"https:\/\/atecordoba.org\/index.php?rest_route=%2Fwp%2Fv2%2Ftags&post=10712"}],"curies":[{"name":"wp","href":"https:\/\/api.w.org\/{rel}","templated":true}]}}