{"id":10707,"date":"2018-12-18T14:06:03","date_gmt":"2018-12-18T17:06:03","guid":{"rendered":"http:\/\/www.atecordoba.org\/?p=10707"},"modified":"2020-07-02T11:45:48","modified_gmt":"2020-07-02T14:45:48","slug":"ate-crece-en-organizacion-en-el-anses-de-alta-gracia","status":"publish","type":"post","link":"https:\/\/atecordoba.org\/?p=10707","title":{"rendered":"ATE crece en organizaci\u00f3n en el Anses de Alta Gracia"},"content":{"rendered":"<p><em>Con la nueva delegada, ATE hace pie en la UDAI del departamento Santa Mar\u00eda.<\/em><\/p>\n<figure id=\"attachment_10709\" aria-describedby=\"caption-attachment-10709\" style=\"width: 412px\" class=\"wp-caption aligncenter\"><img loading=\"lazy\" decoding=\"async\" class=\"wp-image-10709 size-full\" src=\"http:\/\/www.atecordoba.org\/wp-content\/uploads\/2018\/12\/web-1.png\" alt=\"\" width=\"412\" height=\"550\"><figcaption id=\"caption-attachment-10709\" class=\"wp-caption-text\">La delegada de ATE en Anses de Alta Gracia, Mar\u00eda Estefan\u00eda Carranza.<\/figcaption><\/figure>\n<p>El pasado 17 de octubre result\u00f3 elegida como delegada, por sus compa\u00f1eros de la UDAI Alta Gracia de Anses, la compa\u00f1era Mar\u00eda Estefan\u00eda Carranza. De esta forma, ATE-Anses&nbsp;ampli\u00f3 la representaci\u00f3n de neustra organizaci\u00f3n dentro del sector en el interior provincial.<\/p>\n<p>La sede de la UDAI se encuentra actualmente en la terminal de \u00f3mnibus de Alta Gracia pero se est\u00e1 por mudar por razones de espacio a partir del reclamo de los compa\u00f1eros. &#8220;Los trabajadores empezamos a reclamar porque no hay lugar para un buen funcionamiento. Estamos hacinados, sin una sala para sector de descanso, ni de archivo.&nbsp;Adem\u00e1s no hay espacio para un trabajador m\u00e1s, cuando es necesario sumar m\u00e1s compa\u00f1eros por la demanda de trabajo, sobre todo a partir de la incorporaci\u00f3n de nuevos beneficiarios. Hay que tener en cuenta que la UDAI atiende todo el departamento Santa Mar\u00eda y tambi\u00e9n parte de Calamuchita&#8221;, explic\u00f3 la nueva delegada.<\/p>\n<p>Es la primera vez que ATE cuenta con una delegada en Anses de la ciudad. &#8220;Apostamos en crecer en afiliados y lograr m\u00e1s nombramientos para satisfacer la demanda. C\u00f3rdoba est\u00e1 desbordada con los tr\u00e1mites que tienen y en nuestra UDAI tenemos que disponer una&nbsp;mesa de c\u00f3mputos, como venimos reclamando desde mayo de a\u00f1o, para agilizar los tr\u00e1mites para mejor atenci\u00f3n de los beneficiarios&#8221;, detalla la delegada.<\/p>\n<figure id=\"attachment_10710\" aria-describedby=\"caption-attachment-10710\" style=\"width: 412px\" class=\"wp-caption aligncenter\"><img loading=\"lazy\" decoding=\"async\" class=\"wp-image-10710 size-full\" src=\"http:\/\/www.atecordoba.org\/wp-content\/uploads\/2018\/12\/web-2.png\" alt=\"\" width=\"412\" height=\"550\"><figcaption id=\"caption-attachment-10710\" class=\"wp-caption-text\">Carranza junto a la integrante del CDP y miembro de ATE Anses, Eugenia Palacio.<\/figcaption><\/figure>\n<p>Los trabajadores plantean que es importante que cada c\u00f3mputo (tr\u00e1mite o expediente) quede en la oficina. &#8220;Resolver los expedientes en la sede de C\u00f3rdoba Capital demora los tr\u00e1mites, genera entorpecimeinto y genera, con ra\u00f3n, quejas de lso beneficiarios. Incluso en algunos casos debe repetirse el tr\u00e1mite por estar mal resueltos. A veces sucede con los reg\u00edmenes especiales&#8221;, explica Carranza.<\/p>\n<p>Adem\u00e1s, de las necesidades propias de la oficina de Alta Gracia, los trabajadores tambi\u00e9n se uamn a los reclamos del conjunto de los compa\u00f1eros del organismo, que viene planteando ATE-Anses hace tiempo. &#8220;Queremos&nbsp;la apertura de la Comisi\u00f3n Permanente de Carrera a fin de garantizar a los compa\u00f1eros los cargos que les corresponde en funci\u00f3n de la tarea que desarrolla, esto significa implementar una verdadera carrera administrativa. Tambi\u00e9n reclamamos una recomposici\u00f3n salarial acorde a la escalada inflacionaria. Este a\u00f1o los precios aumetnaron al menos un 45% y queremos recuperar la capacidad de compra de nuestros sueldos&#8221;, finaliza la neuva delegada.<\/p>\n<p>.<\/p>\n<p>&nbsp;<\/p>\n<p>&nbsp;<\/p>\n","protected":false},"excerpt":{"rendered":"<p>Con la nueva delegada, ATE hace pie en la UDAI del departamento Santa Mar\u00eda. El pasado 17 de octubre result\u00f3 elegida como delegada, por sus compa\u00f1eros de la UDAI Alta Gracia de Anses, la compa\u00f1era Mar\u00eda Estefan\u00eda Carranza. De esta forma, ATE-Anses&nbsp;ampli\u00f3 la representaci\u00f3n de neustra organizaci\u00f3n dentro del sector en el interior provincial. La [&hellip;]<\/p>\n","protected":false},"author":1,"featured_media":19220,"comment_status":"open","ping_status":"open","sticky":false,"template":"","format":"standard","meta":{"_exactmetrics_skip_tracking":false,"_exactmetrics_sitenote_active":false,"_exactmetrics_sitenote_note":"","_exactmetrics_sitenote_category":0,"jnews-multi-image_gallery":[],"jnews_single_post":[],"jnews_primary_category":[],"jnews_social_meta":[],"jnews_review":[],"enable_review":"","type":"","name":"","summary":"","brand":"","sku":"","good":[],"bad":[],"score_override":"","override_value":"","rating":[],"price":[],"jnews_override_counter":[],"jnews_post_split":[],"footnotes":""},"categories":[341,18,34],"tags":[38],"class_list":["post-10707","post","type-post","status-publish","format-standard","has-post-thumbnail","hentry","category-cdp","category-nacionales","category-seccionales","tag-anses"],"jetpack_featured_media_url":"https:\/\/atecordoba.org\/wp-content\/uploads\/2020\/05\/logo-nuevochico-e1561581322808.png","_links":{"self":[{"href":"https:\/\/atecordoba.org\/index.php?rest_route=\/wp\/v2\/posts\/10707","targetHints":{"allow":["GET"]}}],"collection":[{"href":"https:\/\/atecordoba.org\/index.php?rest_route=\/wp\/v2\/posts"}],"about":[{"href":"https:\/\/atecordoba.org\/index.php?rest_route=\/wp\/v2\/types\/post"}],"author":[{"embeddable":true,"href":"https:\/\/atecordoba.org\/index.php?rest_route=\/wp\/v2\/users\/1"}],"replies":[{"embeddable":true,"href":"https:\/\/atecordoba.org\/index.php?rest_route=%2Fwp%2Fv2%2Fcomments&post=10707"}],"version-history":[{"count":1,"href":"https:\/\/atecordoba.org\/index.php?rest_route=\/wp\/v2\/posts\/10707\/revisions"}],"predecessor-version":[{"id":20567,"href":"https:\/\/atecordoba.org\/index.php?rest_route=\/wp\/v2\/posts\/10707\/revisions\/20567"}],"wp:featuredmedia":[{"embeddable":true,"href":"https:\/\/atecordoba.org\/index.php?rest_route=\/wp\/v2\/media\/19220"}],"wp:attachment":[{"href":"https:\/\/atecordoba.org\/index.php?rest_route=%2Fwp%2Fv2%2Fmedia&parent=10707"}],"wp:term":[{"taxonomy":"category","embeddable":true,"href":"https:\/\/atecordoba.org\/index.php?rest_route=%2Fwp%2Fv2%2Fcategories&post=10707"},{"taxonomy":"post_tag","embeddable":true,"href":"https:\/\/atecordoba.org\/index.php?rest_route=%2Fwp%2Fv2%2Ftags&post=10707"}],"curies":[{"name":"wp","href":"https:\/\/api.w.org\/{rel}","templated":true}]}}