{"id":10703,"date":"2018-12-18T12:23:22","date_gmt":"2018-12-18T15:23:22","guid":{"rendered":"http:\/\/www.atecordoba.org\/?p=10703"},"modified":"2018-12-18T12:23:22","modified_gmt":"2018-12-18T15:23:22","slug":"trabajadores-del-conicet-reclamaron-mejoras-en-sus-condiciones-de-trabajo","status":"publish","type":"post","link":"https:\/\/atecordoba.org\/?p=10703","title":{"rendered":"Trabajadores del Conicet reclamaron mejoras en sus condiciones de trabajo"},"content":{"rendered":"<p><em>Los compa\u00f1eros&nbsp; se manifestaron frente a la sede del Centro Cient\u00edfico T\u00e9cnico C\u00f3rdoba (CCT).<\/em><\/p>\n<p><img loading=\"lazy\" decoding=\"async\" class=\"aligncenter size-full wp-image-10705\" src=\"http:\/\/www.atecordoba.org\/wp-content\/uploads\/2018\/12\/conicet-18-12.png\" alt=\"\" width=\"549\" height=\"366\"><\/p>\n<p>&nbsp;<\/p>\n<p>El Conicet es uno de los sectores del Estado m\u00e1s golpeados por la pol\u00edtica de ajhuste y precarizaci\u00f3n laboral que implementa la gesti\u00f3n actual que encabeza Mauricio Macri.<\/p>\n<p>Desde 2016 los trabajadores viene desarrollando diverso planes de lucha para hacer p\u00fablica la deseperante situaci\u00f3n, que se expresa en bajos salarios, p\u00e9simas y extenuantes jornadas de trabajo, limitaciones para el acceso a becas y concursos, o para efectivzarlos en el caso que se hayan alcanzado.<\/p>\n<p>Como resultado de este proceso, y antes la inminencia de fin de a\u00f1o y el parate en la actividad anual, los compa\u00f1eros&nbsp; realizaron hoy una movilizaci\u00f3n a la puerta del CCT a los fines de reclamar mejoras salariales y de sus condiciones de trabajo.&nbsp;<\/p>\n<p>&#8220;No s\u00f3lo exigimos m\u00e1s presupuesto para el sector y una recomposici\u00f3n salarial acorde a la inflaci\u00f3n sino tambi\u00e9n condiciones de trabajo dignas para administratives, becaries, CPA&#8217;S y CIC&#8221;, explic\u00f3 Lorena Capogrossi, delegada de ATE-Conicet.<\/p>\n<p>Asi, los trabajadores se manifestaron por m\u00e1s presupuesto para Ciencia y T\u00e9cnica, pase a planta de tode el personal bajo art\u00edculo 9, un convenio colectivo sectorial y ambientes de trabajo libres de violencia. &#8220;Trabajamos y luchamos para construir conocimiento cient\u00edfico al servicio del pueblo. Y no vamos a bajar los brazos&#8221;, resumi\u00f3 Caprogrossi durante la protesta.<\/p>\n","protected":false},"excerpt":{"rendered":"<p>Los compa\u00f1eros&nbsp; se manifestaron frente a la sede del Centro Cient\u00edfico T\u00e9cnico C\u00f3rdoba (CCT). &nbsp; El Conicet es uno de los sectores del Estado m\u00e1s golpeados por la pol\u00edtica de ajhuste y precarizaci\u00f3n laboral que implementa la gesti\u00f3n actual que encabeza Mauricio Macri. Desde 2016 los trabajadores viene desarrollando diverso planes de lucha para hacer [&hellip;]<\/p>\n","protected":false},"author":1,"featured_media":19220,"comment_status":"open","ping_status":"open","sticky":false,"template":"","format":"standard","meta":{"_exactmetrics_skip_tracking":false,"_exactmetrics_sitenote_active":false,"_exactmetrics_sitenote_note":"","_exactmetrics_sitenote_category":0,"jnews-multi-image_gallery":[],"jnews_single_post":[],"jnews_primary_category":[],"jnews_social_meta":[],"jnews_review":[],"enable_review":"","type":"","name":"","summary":"","brand":"","sku":"","good":[],"bad":[],"score_override":"","override_value":"","rating":[],"price":[],"jnews_override_counter":[],"jnews_post_split":[],"footnotes":""},"categories":[105],"tags":[],"class_list":["post-10703","post","type-post","status-publish","format-standard","has-post-thumbnail","hentry","category-conicet"],"jetpack_featured_media_url":"https:\/\/atecordoba.org\/wp-content\/uploads\/2020\/05\/logo-nuevochico-e1561581322808.png","_links":{"self":[{"href":"https:\/\/atecordoba.org\/index.php?rest_route=\/wp\/v2\/posts\/10703","targetHints":{"allow":["GET"]}}],"collection":[{"href":"https:\/\/atecordoba.org\/index.php?rest_route=\/wp\/v2\/posts"}],"about":[{"href":"https:\/\/atecordoba.org\/index.php?rest_route=\/wp\/v2\/types\/post"}],"author":[{"embeddable":true,"href":"https:\/\/atecordoba.org\/index.php?rest_route=\/wp\/v2\/users\/1"}],"replies":[{"embeddable":true,"href":"https:\/\/atecordoba.org\/index.php?rest_route=%2Fwp%2Fv2%2Fcomments&post=10703"}],"version-history":[{"count":0,"href":"https:\/\/atecordoba.org\/index.php?rest_route=\/wp\/v2\/posts\/10703\/revisions"}],"wp:featuredmedia":[{"embeddable":true,"href":"https:\/\/atecordoba.org\/index.php?rest_route=\/wp\/v2\/media\/19220"}],"wp:attachment":[{"href":"https:\/\/atecordoba.org\/index.php?rest_route=%2Fwp%2Fv2%2Fmedia&parent=10703"}],"wp:term":[{"taxonomy":"category","embeddable":true,"href":"https:\/\/atecordoba.org\/index.php?rest_route=%2Fwp%2Fv2%2Fcategories&post=10703"},{"taxonomy":"post_tag","embeddable":true,"href":"https:\/\/atecordoba.org\/index.php?rest_route=%2Fwp%2Fv2%2Ftags&post=10703"}],"curies":[{"name":"wp","href":"https:\/\/api.w.org\/{rel}","templated":true}]}}