{"id":10696,"date":"2018-12-13T14:29:20","date_gmt":"2018-12-13T17:29:20","guid":{"rendered":"http:\/\/www.atecordoba.org\/?p=10696"},"modified":"2020-07-02T11:46:10","modified_gmt":"2020-07-02T14:46:10","slug":"un-juez-federal-ordena-la-reinstalacion-de-una-trabajadora-cesanteada-del-anses-y-reconoce-estabilidad-laboral-en-el-organismo","status":"publish","type":"post","link":"https:\/\/atecordoba.org\/?p=10696","title":{"rendered":"Un juez federal ordena la reinstalaci\u00f3n de una trabajadora cesanteada del Anses y reconoce estabilidad laboral en el organismo"},"content":{"rendered":"<p><em>El Juzgado Federal N\u00ba3 dict\u00f3 una medida cautelar que devuelve el puesto de trabajo a una empleada con 12 a\u00f1os de antig\u00fcedad, afirmando no se puede despedir sin causa en Anses por la garant\u00eda del art\u00edculo 14 BIS de la Constituci\u00f3n Nacional.<\/em><\/p>\n<figure id=\"attachment_10697\" aria-describedby=\"caption-attachment-10697\" style=\"width: 550px\" class=\"wp-caption aligncenter\"><img loading=\"lazy\" decoding=\"async\" class=\"wp-image-10697 size-full\" src=\"http:\/\/www.atecordoba.org\/wp-content\/uploads\/2018\/12\/protesta-frente-a-anses-e1544722146101.jpeg\" alt=\"\" width=\"550\" height=\"309\"><figcaption id=\"caption-attachment-10697\" class=\"wp-caption-text\">Acto de ATE frente a Anses (archivo)<\/figcaption><\/figure>\n<p>&nbsp;<\/p>\n<p>Fernanda M\u00e1rquez trabajadora de Anses planta permanente en la Udai Villa Libertador fue cesanteada sin causa en febrero de este a\u00f1o. Con una antig\u00fcedad superior a los 12 a\u00f1os, ATE inici\u00f3 una demanda a trav\u00e9s de su equipo jur\u00eddico a los fines recuperar el puesto de trabajo.<\/p>\n<p>En esa l\u00ednea se solicit\u00f3 una medida cautelar y la semana el Juez Federal Hugo Vaca Narvaja dio la raz\u00f3n a nuestro gremio al asegurar que los trabajadores de Anses gozan de la estabilidad laboral garantizada por la Constituci\u00f3n Nacional, en el art\u00edculo 14 BIS, por tratarse de empleados estatales.<\/p>\n<p>En consecuencia, queda claro que no se puede aplicar la figura del despido sin causa en el Anses, tal como lo viene haciendo el gobierno de Mauricio Macri.<\/p>\n<p>\u201cSe trata de un gran avance que sienta un precedente para las condiciones de trabajo de m\u00e1s de 14 mil trabajadores del Anses en todo el pa\u00eds, que pueden verse liberados de la presi\u00f3n patronal con amenazas de despido sin causa. Ya no se podr\u00e1 despedir sin fundamento\u201d, resumi\u00f3 Eugenia Palacio, de la Mesa ATE-Anses, Prosecretaria Adminsitrativa del CDP y trabajadora de la Udai 1.<\/p>\n<figure id=\"attachment_10701\" aria-describedby=\"caption-attachment-10701\" style=\"width: 550px\" class=\"wp-caption aligncenter\"><img loading=\"lazy\" decoding=\"async\" class=\"wp-image-10701 size-full\" src=\"http:\/\/www.atecordoba.org\/wp-content\/uploads\/2018\/12\/WhatsApp-Image-2018-12-13-at-14.40.01-e1545073623401.jpeg\" alt=\"\" width=\"550\" height=\"264\"><figcaption id=\"caption-attachment-10701\" class=\"wp-caption-text\">Los abogados de ATE C\u00f3rdoba, Mar\u00eda Terragno y Eugenio Biafore, llevaron adelante la denuncia.<\/figcaption><\/figure>\n","protected":false},"excerpt":{"rendered":"<p>El Juzgado Federal N\u00ba3 dict\u00f3 una medida cautelar que devuelve el puesto de trabajo a una empleada con 12 a\u00f1os de antig\u00fcedad, afirmando no se puede despedir sin causa en Anses por la garant\u00eda del art\u00edculo 14 BIS de la Constituci\u00f3n Nacional. &nbsp; Fernanda M\u00e1rquez trabajadora de Anses planta permanente en la Udai Villa Libertador [&hellip;]<\/p>\n","protected":false},"author":1,"featured_media":19220,"comment_status":"open","ping_status":"open","sticky":false,"template":"","format":"standard","meta":{"_exactmetrics_skip_tracking":false,"_exactmetrics_sitenote_active":false,"_exactmetrics_sitenote_note":"","_exactmetrics_sitenote_category":0,"jnews-multi-image_gallery":[],"jnews_single_post":[],"jnews_primary_category":[],"jnews_social_meta":[],"jnews_review":[],"enable_review":"","type":"","name":"","summary":"","brand":"","sku":"","good":[],"bad":[],"score_override":"","override_value":"","rating":[],"price":[],"jnews_override_counter":[],"jnews_post_split":[],"footnotes":""},"categories":[18],"tags":[38],"class_list":["post-10696","post","type-post","status-publish","format-standard","has-post-thumbnail","hentry","category-nacionales","tag-anses"],"jetpack_featured_media_url":"https:\/\/atecordoba.org\/wp-content\/uploads\/2020\/05\/logo-nuevochico-e1561581322808.png","_links":{"self":[{"href":"https:\/\/atecordoba.org\/index.php?rest_route=\/wp\/v2\/posts\/10696","targetHints":{"allow":["GET"]}}],"collection":[{"href":"https:\/\/atecordoba.org\/index.php?rest_route=\/wp\/v2\/posts"}],"about":[{"href":"https:\/\/atecordoba.org\/index.php?rest_route=\/wp\/v2\/types\/post"}],"author":[{"embeddable":true,"href":"https:\/\/atecordoba.org\/index.php?rest_route=\/wp\/v2\/users\/1"}],"replies":[{"embeddable":true,"href":"https:\/\/atecordoba.org\/index.php?rest_route=%2Fwp%2Fv2%2Fcomments&post=10696"}],"version-history":[{"count":1,"href":"https:\/\/atecordoba.org\/index.php?rest_route=\/wp\/v2\/posts\/10696\/revisions"}],"predecessor-version":[{"id":20568,"href":"https:\/\/atecordoba.org\/index.php?rest_route=\/wp\/v2\/posts\/10696\/revisions\/20568"}],"wp:featuredmedia":[{"embeddable":true,"href":"https:\/\/atecordoba.org\/index.php?rest_route=\/wp\/v2\/media\/19220"}],"wp:attachment":[{"href":"https:\/\/atecordoba.org\/index.php?rest_route=%2Fwp%2Fv2%2Fmedia&parent=10696"}],"wp:term":[{"taxonomy":"category","embeddable":true,"href":"https:\/\/atecordoba.org\/index.php?rest_route=%2Fwp%2Fv2%2Fcategories&post=10696"},{"taxonomy":"post_tag","embeddable":true,"href":"https:\/\/atecordoba.org\/index.php?rest_route=%2Fwp%2Fv2%2Ftags&post=10696"}],"curies":[{"name":"wp","href":"https:\/\/api.w.org\/{rel}","templated":true}]}}