{"id":10681,"date":"2018-12-12T17:28:38","date_gmt":"2018-12-12T20:28:38","guid":{"rendered":"http:\/\/www.atecordoba.org\/?p=10681"},"modified":"2018-12-12T17:28:38","modified_gmt":"2018-12-12T20:28:38","slug":"un-juez-laboral-ordena-la-reintalacion-de-un-integrante-de-la-cd-de-ate-cordoba","status":"publish","type":"post","link":"https:\/\/atecordoba.org\/?p=10681","title":{"rendered":"Un juez laboral ordena la reintalaci\u00f3n de un integrante de la CD de ATE C\u00f3rdoba"},"content":{"rendered":"<p><em>La vocal del CDP, Cintia Conesta, volver\u00e1 a su lugar de trabajo a partir de una cautelar que se fundamenta en la protecci\u00f3n que otorga la tutela sindical.<\/em><\/p>\n<p><img loading=\"lazy\" decoding=\"async\" class=\"aligncenter size-full wp-image-10694\" src=\"http:\/\/www.atecordoba.org\/wp-content\/uploads\/2018\/12\/conesta.png\" alt=\"\" width=\"292\" height=\"412\"><\/p>\n<p>La resoluci\u00f3n judicial, dictada el lunes 10 de diciembre por el Juez Nacional de Primera Instancia del Trabajo, Ra\u00fal Ojeda, orden\u00f3 a la Agencia Nacional de Discapacidad que reinstale a Conesta en su lugar de trabajo, donde se desempe\u00f1aba desde 2013.<\/p>\n<p>La cautelar se fundamenta en virtud de la tutela sindical que goza la vocal, por su condici\u00f3n de integrante de la comisi\u00f3n directiva de ATE C\u00f3rdoba.<\/p>\n<p>A su vez, el magistrado consider\u00f3 que el despido fue una medida antisindical y reconoci\u00f3 justo el reclamo de la trabajadora y de nuestra organizaci\u00f3n sindical. Tambi\u00e9n estableci\u00f3, como marca la legislaci\u00f3n laboral, el car\u00e1cter alimentario del salario al ordenar a la patronal que pague los&nbsp;salarios ca\u00eddos desde junio pasado, momento en que fue cesanteada.<\/p>\n<p>&nbsp;<\/p>\n","protected":false},"excerpt":{"rendered":"<p>La vocal del CDP, Cintia Conesta, volver\u00e1 a su lugar de trabajo a partir de una cautelar que se fundamenta en la protecci\u00f3n que otorga la tutela sindical. La resoluci\u00f3n judicial, dictada el lunes 10 de diciembre por el Juez Nacional de Primera Instancia del Trabajo, Ra\u00fal Ojeda, orden\u00f3 a la Agencia Nacional de Discapacidad [&hellip;]<\/p>\n","protected":false},"author":1,"featured_media":19220,"comment_status":"open","ping_status":"open","sticky":false,"template":"","format":"standard","meta":{"_exactmetrics_skip_tracking":false,"_exactmetrics_sitenote_active":false,"_exactmetrics_sitenote_note":"","_exactmetrics_sitenote_category":0,"jnews-multi-image_gallery":[],"jnews_single_post":[],"jnews_primary_category":[],"jnews_social_meta":[],"jnews_review":[],"enable_review":"","type":"","name":"","summary":"","brand":"","sku":"","good":[],"bad":[],"score_override":"","override_value":"","rating":[],"price":[],"jnews_override_counter":[],"jnews_post_split":[],"footnotes":""},"categories":[118],"tags":[],"class_list":["post-10681","post","type-post","status-publish","format-standard","has-post-thumbnail","hentry","category-legales"],"jetpack_featured_media_url":"https:\/\/atecordoba.org\/wp-content\/uploads\/2020\/05\/logo-nuevochico-e1561581322808.png","_links":{"self":[{"href":"https:\/\/atecordoba.org\/index.php?rest_route=\/wp\/v2\/posts\/10681","targetHints":{"allow":["GET"]}}],"collection":[{"href":"https:\/\/atecordoba.org\/index.php?rest_route=\/wp\/v2\/posts"}],"about":[{"href":"https:\/\/atecordoba.org\/index.php?rest_route=\/wp\/v2\/types\/post"}],"author":[{"embeddable":true,"href":"https:\/\/atecordoba.org\/index.php?rest_route=\/wp\/v2\/users\/1"}],"replies":[{"embeddable":true,"href":"https:\/\/atecordoba.org\/index.php?rest_route=%2Fwp%2Fv2%2Fcomments&post=10681"}],"version-history":[{"count":0,"href":"https:\/\/atecordoba.org\/index.php?rest_route=\/wp\/v2\/posts\/10681\/revisions"}],"wp:featuredmedia":[{"embeddable":true,"href":"https:\/\/atecordoba.org\/index.php?rest_route=\/wp\/v2\/media\/19220"}],"wp:attachment":[{"href":"https:\/\/atecordoba.org\/index.php?rest_route=%2Fwp%2Fv2%2Fmedia&parent=10681"}],"wp:term":[{"taxonomy":"category","embeddable":true,"href":"https:\/\/atecordoba.org\/index.php?rest_route=%2Fwp%2Fv2%2Fcategories&post=10681"},{"taxonomy":"post_tag","embeddable":true,"href":"https:\/\/atecordoba.org\/index.php?rest_route=%2Fwp%2Fv2%2Ftags&post=10681"}],"curies":[{"name":"wp","href":"https:\/\/api.w.org\/{rel}","templated":true}]}}