{"id":10678,"date":"2018-12-12T13:47:04","date_gmt":"2018-12-12T16:47:04","guid":{"rendered":"http:\/\/www.atecordoba.org\/?p=10678"},"modified":"2018-12-12T13:47:04","modified_gmt":"2018-12-12T16:47:04","slug":"ate-se-propone-crear-su-departamento-de-ddhh","status":"publish","type":"post","link":"https:\/\/atecordoba.org\/?p=10678","title":{"rendered":"ATE se propone crear su Departamento de DDHH"},"content":{"rendered":"<p><em>Es el compromiso que asumi\u00f3 la secretaria General del CDP, Liliana Salerno, en una reuni\u00f3n mantenida el lunes pasado con ex presos pol\u00edticos, con motivo de celebrarse el 70 aniversario de la Declaraci\u00f3n de los DD.HH.<\/em><\/p>\n<p><img loading=\"lazy\" decoding=\"async\" class=\"aligncenter size-full wp-image-10679\" src=\"http:\/\/www.atecordoba.org\/wp-content\/uploads\/2018\/12\/WhatsApp-Image-2018-12-12-at-10.35.06-e1544633178239.jpeg\" alt=\"\" width=\"550\" height=\"413\"><\/p>\n<p>La reuni\u00f3n estuvo encabezada por Salerno, junto a miembros de comisi\u00f3n directiva y afiliados de nuestro gremio, el la comisi\u00f3n de ex presos pol\u00edticos que se reune habitualmente en ATE.<\/p>\n<p>TAmbi\u00e9n estuvieron compa\u00f1eros de la CTA-A Regional C\u00f3rdoba, como la secretaria de DD.HH. de la entidad, Sonia Castro.<\/p>\n<p>En el marco de la conversaci\u00f3n, donde se plante\u00f3 la necesidad de&nbsp;contar en las organizaciones gremiales y sindicales con un departamento de derechos humanos, la compa\u00f1era Salerno propuso la creaci\u00f3n del mismo dentro de ATE .<\/p>\n<p>La propuesta fue muy bien acogida por los presentes quienes acordaron seguir reuni\u00e9ndose y surgieron como propuestas de trabajo para el pr\u00f3ximo el 24 de marzo.<\/p>\n<p>&nbsp;<\/p>\n","protected":false},"excerpt":{"rendered":"<p>Es el compromiso que asumi\u00f3 la secretaria General del CDP, Liliana Salerno, en una reuni\u00f3n mantenida el lunes pasado con ex presos pol\u00edticos, con motivo de celebrarse el 70 aniversario de la Declaraci\u00f3n de los DD.HH. La reuni\u00f3n estuvo encabezada por Salerno, junto a miembros de comisi\u00f3n directiva y afiliados de nuestro gremio, el la [&hellip;]<\/p>\n","protected":false},"author":1,"featured_media":19220,"comment_status":"open","ping_status":"open","sticky":false,"template":"","format":"standard","meta":{"_exactmetrics_skip_tracking":false,"_exactmetrics_sitenote_active":false,"_exactmetrics_sitenote_note":"","_exactmetrics_sitenote_category":0,"jnews-multi-image_gallery":[],"jnews_single_post":[],"jnews_primary_category":[],"jnews_social_meta":[],"jnews_review":[],"enable_review":"","type":"","name":"","summary":"","brand":"","sku":"","good":[],"bad":[],"score_override":"","override_value":"","rating":[],"price":[],"jnews_override_counter":[],"jnews_post_split":[],"footnotes":""},"categories":[122],"tags":[],"class_list":["post-10678","post","type-post","status-publish","format-standard","has-post-thumbnail","hentry","category-ddhh"],"jetpack_featured_media_url":"https:\/\/atecordoba.org\/wp-content\/uploads\/2020\/05\/logo-nuevochico-e1561581322808.png","_links":{"self":[{"href":"https:\/\/atecordoba.org\/index.php?rest_route=\/wp\/v2\/posts\/10678","targetHints":{"allow":["GET"]}}],"collection":[{"href":"https:\/\/atecordoba.org\/index.php?rest_route=\/wp\/v2\/posts"}],"about":[{"href":"https:\/\/atecordoba.org\/index.php?rest_route=\/wp\/v2\/types\/post"}],"author":[{"embeddable":true,"href":"https:\/\/atecordoba.org\/index.php?rest_route=\/wp\/v2\/users\/1"}],"replies":[{"embeddable":true,"href":"https:\/\/atecordoba.org\/index.php?rest_route=%2Fwp%2Fv2%2Fcomments&post=10678"}],"version-history":[{"count":0,"href":"https:\/\/atecordoba.org\/index.php?rest_route=\/wp\/v2\/posts\/10678\/revisions"}],"wp:featuredmedia":[{"embeddable":true,"href":"https:\/\/atecordoba.org\/index.php?rest_route=\/wp\/v2\/media\/19220"}],"wp:attachment":[{"href":"https:\/\/atecordoba.org\/index.php?rest_route=%2Fwp%2Fv2%2Fmedia&parent=10678"}],"wp:term":[{"taxonomy":"category","embeddable":true,"href":"https:\/\/atecordoba.org\/index.php?rest_route=%2Fwp%2Fv2%2Fcategories&post=10678"},{"taxonomy":"post_tag","embeddable":true,"href":"https:\/\/atecordoba.org\/index.php?rest_route=%2Fwp%2Fv2%2Ftags&post=10678"}],"curies":[{"name":"wp","href":"https:\/\/api.w.org\/{rel}","templated":true}]}}