{"id":10670,"date":"2018-12-11T14:22:07","date_gmt":"2018-12-11T17:22:07","guid":{"rendered":"http:\/\/www.atecordoba.org\/?p=10670"},"modified":"2018-12-11T14:22:07","modified_gmt":"2018-12-11T17:22:07","slug":"estado-de-alerta-y-asamblea-permanente-en-trabajo-ante-despidos-inminentes","status":"publish","type":"post","link":"https:\/\/atecordoba.org\/?p=10670","title":{"rendered":"Estado de alerta y asamblea permanente en Trabajo ante despidos inminentes"},"content":{"rendered":"<p><em>ATE realiz\u00f3 asamblea en las dos oficinas de la Agencia Territorial C\u00f3rdoba de la Secretaria de Trabajo y Empleo de la Naci\u00f3n, rechazando el ajuste de personal en el sector.<\/em><\/p>\n<figure id=\"attachment_10673\" aria-describedby=\"caption-attachment-10673\" style=\"width: 550px\" class=\"wp-caption aligncenter\"><img loading=\"lazy\" decoding=\"async\" class=\"wp-image-10673 size-full\" src=\"http:\/\/www.atecordoba.org\/wp-content\/uploads\/2018\/12\/trabajo-e1544548848823.jpg\" alt=\"\" width=\"550\" height=\"413\"><figcaption id=\"caption-attachment-10673\" class=\"wp-caption-text\">Exterior de las oficinas de calle 27 de abril, en protesta anterior.<\/figcaption><\/figure>\n<p>Las asambleas se llevaron cabo en las oficinas que dispone el organismo, tanto en calle 27 de abril como en Rodr\u00edguez Pe\u00f1a. En la oportunidad estuvo presente la secretaria General de ATE C\u00f3rdoba, Liliana Salerno, junto a miembros del Consejo Directivo Provincial, para apoyar a los compa\u00f1eros y al cuerpo de delegados ante la inminencia de despidos en el sector.<\/p>\n<p>El clima en la repartici\u00f3n se encuentra enrarecido a partir las versiones sobre el despido de cuatro compa\u00f1eros que no fueron desmentidas por los funcionarios del \u00e1rea, aunque hasta el momento no hay comunicaci\u00f3n oficial al respecto.<\/p>\n<p>Por eso, los trabajadores resolvieron declarar estado de alerta y asamblea permanente a los fines advertir a las autoridades su rechazo contundente a cualquier ajuste de personal en la cartera de Trabajo.<\/p>\n<p>Vale se\u00f1alar que se trata de uno de los organismos que sufri\u00f3 la reciente degradaci\u00f3n de parte del gobierno de Macri, rebajando su categor\u00eda de Ministerio a Secretaria, dando cuenta del poco inter\u00e9s que tiene la actual gesti\u00f3n por resolver los problemas de \u00edndole laboral que afectan, hoy m\u00e1s que nunca, a los trabajadores.<\/p>\n<p>&nbsp;<\/p>\n","protected":false},"excerpt":{"rendered":"<p>ATE realiz\u00f3 asamblea en las dos oficinas de la Agencia Territorial C\u00f3rdoba de la Secretaria de Trabajo y Empleo de la Naci\u00f3n, rechazando el ajuste de personal en el sector. Las asambleas se llevaron cabo en las oficinas que dispone el organismo, tanto en calle 27 de abril como en Rodr\u00edguez Pe\u00f1a. En la oportunidad [&hellip;]<\/p>\n","protected":false},"author":1,"featured_media":19220,"comment_status":"open","ping_status":"open","sticky":false,"template":"","format":"standard","meta":{"_exactmetrics_skip_tracking":false,"_exactmetrics_sitenote_active":false,"_exactmetrics_sitenote_note":"","_exactmetrics_sitenote_category":0,"jnews-multi-image_gallery":[],"jnews_single_post":[],"jnews_primary_category":[],"jnews_social_meta":[],"jnews_review":[],"enable_review":"","type":"","name":"","summary":"","brand":"","sku":"","good":[],"bad":[],"score_override":"","override_value":"","rating":[],"price":[],"jnews_override_counter":[],"jnews_post_split":[],"footnotes":""},"categories":[107],"tags":[],"class_list":["post-10670","post","type-post","status-publish","format-standard","has-post-thumbnail","hentry","category-ministerio-de-trabajo"],"jetpack_featured_media_url":"https:\/\/atecordoba.org\/wp-content\/uploads\/2020\/05\/logo-nuevochico-e1561581322808.png","_links":{"self":[{"href":"https:\/\/atecordoba.org\/index.php?rest_route=\/wp\/v2\/posts\/10670","targetHints":{"allow":["GET"]}}],"collection":[{"href":"https:\/\/atecordoba.org\/index.php?rest_route=\/wp\/v2\/posts"}],"about":[{"href":"https:\/\/atecordoba.org\/index.php?rest_route=\/wp\/v2\/types\/post"}],"author":[{"embeddable":true,"href":"https:\/\/atecordoba.org\/index.php?rest_route=\/wp\/v2\/users\/1"}],"replies":[{"embeddable":true,"href":"https:\/\/atecordoba.org\/index.php?rest_route=%2Fwp%2Fv2%2Fcomments&post=10670"}],"version-history":[{"count":0,"href":"https:\/\/atecordoba.org\/index.php?rest_route=\/wp\/v2\/posts\/10670\/revisions"}],"wp:featuredmedia":[{"embeddable":true,"href":"https:\/\/atecordoba.org\/index.php?rest_route=\/wp\/v2\/media\/19220"}],"wp:attachment":[{"href":"https:\/\/atecordoba.org\/index.php?rest_route=%2Fwp%2Fv2%2Fmedia&parent=10670"}],"wp:term":[{"taxonomy":"category","embeddable":true,"href":"https:\/\/atecordoba.org\/index.php?rest_route=%2Fwp%2Fv2%2Fcategories&post=10670"},{"taxonomy":"post_tag","embeddable":true,"href":"https:\/\/atecordoba.org\/index.php?rest_route=%2Fwp%2Fv2%2Ftags&post=10670"}],"curies":[{"name":"wp","href":"https:\/\/api.w.org\/{rel}","templated":true}]}}