{"id":10667,"date":"2018-12-07T16:09:55","date_gmt":"2018-12-07T19:09:55","guid":{"rendered":"http:\/\/www.atecordoba.org\/?p=10667"},"modified":"2018-12-07T16:09:55","modified_gmt":"2018-12-07T19:09:55","slug":"el-cdp-lamenta-el-fallecimiento-del-companero-eduardo-candellero","status":"publish","type":"post","link":"https:\/\/atecordoba.org\/?p=10667","title":{"rendered":"El CDP lamenta el fallecimiento del compa\u00f1ero Eduardo Candellero"},"content":{"rendered":"<p><em>Trabajador de la F\u00e1brica Militar de R\u00edo Tercero y comprometido militante de ATE, su p\u00e9rdida cala hondo para todos en nuestro gremio.<\/em><\/p>\n<figure id=\"attachment_10668\" aria-describedby=\"caption-attachment-10668\" style=\"width: 550px\" class=\"wp-caption aligncenter\"><img loading=\"lazy\" decoding=\"async\" class=\"wp-image-10668 size-full\" src=\"http:\/\/www.atecordoba.org\/wp-content\/uploads\/2018\/12\/candellero-1-e1544209707572.jpg\" alt=\"\" width=\"550\" height=\"367\"><figcaption id=\"caption-attachment-10668\" class=\"wp-caption-text\">Eduardo Cadellero, en la imagen, atendiendo a un compa\u00f1ero que hab\u00eda sufrido gases lacrim\u00f3genos de parte de la polic\u00eda en una protesta.<\/figcaption><\/figure>\n<p>Eduardo Candellero fue un trabajador del sector mec\u00e1nico de la F\u00e1brica Militar y afiliado de ATE. Form\u00f3 parte de diversas conducciones de la seccional y actualmente de desempe\u00f1aba como secretario de Relaciones Institucionales de la CTA Aut\u00f3noma de la provincia de C\u00f3rdoba.<\/p>\n<p>Su fallecimiento es una p\u00e9rdida irreparable para nuestra organizaci\u00f3n. Eduardo se destac\u00f3 por su compa\u00f1erismo y don de gente, siempre comprometido en la defensa de los derechos de los trabajadores.<\/p>\n<p>Su vocaci\u00f3n militante tambi\u00e9n lo acerc\u00f3 al compromiso pol\u00edtico, constituyendo un militante destacado del Partido Socialista Popular de R\u00edo Tercero.<\/p>\n<p>Su responsabilidad para afrontar el trabajo cotidiano en la F\u00e1brica lo transform\u00f3 en un referente para los \u2018fabriqueros\u2019, que lo tendr\u00e1n siempre en su memoria.<\/p>\n<p>Enviamos nuestro m\u00e1s sentido p\u00e9same a su familia, amigos y a la Seccional R\u00edo Tercero. Descansa en paz Eduardo.<\/p>\n","protected":false},"excerpt":{"rendered":"<p>Trabajador de la F\u00e1brica Militar de R\u00edo Tercero y comprometido militante de ATE, su p\u00e9rdida cala hondo para todos en nuestro gremio. Eduardo Candellero fue un trabajador del sector mec\u00e1nico de la F\u00e1brica Militar y afiliado de ATE. Form\u00f3 parte de diversas conducciones de la seccional y actualmente de desempe\u00f1aba como secretario de Relaciones Institucionales [&hellip;]<\/p>\n","protected":false},"author":1,"featured_media":19220,"comment_status":"open","ping_status":"open","sticky":false,"template":"","format":"standard","meta":{"_exactmetrics_skip_tracking":false,"_exactmetrics_sitenote_active":false,"_exactmetrics_sitenote_note":"","_exactmetrics_sitenote_category":0,"jnews-multi-image_gallery":[],"jnews_single_post":[],"jnews_primary_category":[],"jnews_social_meta":[],"jnews_review":[],"enable_review":"","type":"","name":"","summary":"","brand":"","sku":"","good":[],"bad":[],"score_override":"","override_value":"","rating":[],"price":[],"jnews_override_counter":[],"jnews_post_split":[],"footnotes":""},"categories":[17,13],"tags":[],"class_list":["post-10667","post","type-post","status-publish","format-standard","has-post-thumbnail","hentry","category-fabricaciones-militares","category-rio-tercero"],"jetpack_featured_media_url":"https:\/\/atecordoba.org\/wp-content\/uploads\/2020\/05\/logo-nuevochico-e1561581322808.png","_links":{"self":[{"href":"https:\/\/atecordoba.org\/index.php?rest_route=\/wp\/v2\/posts\/10667","targetHints":{"allow":["GET"]}}],"collection":[{"href":"https:\/\/atecordoba.org\/index.php?rest_route=\/wp\/v2\/posts"}],"about":[{"href":"https:\/\/atecordoba.org\/index.php?rest_route=\/wp\/v2\/types\/post"}],"author":[{"embeddable":true,"href":"https:\/\/atecordoba.org\/index.php?rest_route=\/wp\/v2\/users\/1"}],"replies":[{"embeddable":true,"href":"https:\/\/atecordoba.org\/index.php?rest_route=%2Fwp%2Fv2%2Fcomments&post=10667"}],"version-history":[{"count":0,"href":"https:\/\/atecordoba.org\/index.php?rest_route=\/wp\/v2\/posts\/10667\/revisions"}],"wp:featuredmedia":[{"embeddable":true,"href":"https:\/\/atecordoba.org\/index.php?rest_route=\/wp\/v2\/media\/19220"}],"wp:attachment":[{"href":"https:\/\/atecordoba.org\/index.php?rest_route=%2Fwp%2Fv2%2Fmedia&parent=10667"}],"wp:term":[{"taxonomy":"category","embeddable":true,"href":"https:\/\/atecordoba.org\/index.php?rest_route=%2Fwp%2Fv2%2Fcategories&post=10667"},{"taxonomy":"post_tag","embeddable":true,"href":"https:\/\/atecordoba.org\/index.php?rest_route=%2Fwp%2Fv2%2Ftags&post=10667"}],"curies":[{"name":"wp","href":"https:\/\/api.w.org\/{rel}","templated":true}]}}