{"id":10664,"date":"2018-12-07T14:35:42","date_gmt":"2018-12-07T17:35:42","guid":{"rendered":"http:\/\/www.atecordoba.org\/?p=10664"},"modified":"2018-12-07T14:35:42","modified_gmt":"2018-12-07T17:35:42","slug":"lanzamiento-del-departamento-de-ddhh-en-ate-cordoba","status":"publish","type":"post","link":"https:\/\/atecordoba.org\/?p=10664","title":{"rendered":"Lanzamiento del Departamento de DDHH en ATE C\u00f3rdoba"},"content":{"rendered":"<p><em>El Consejo Directivo Provincial convoca a la puesta en marcha de su Departamento de Derechos Humanos, el pr\u00f3ximo lunes 10 de diciembre a las 18 horas, en la sede de ATE C\u00f3rdoba, Entre R\u00edos 450.<\/em><\/p>\n<p><img loading=\"lazy\" decoding=\"async\" class=\"aligncenter size-full wp-image-10665\" src=\"http:\/\/www.atecordoba.org\/wp-content\/uploads\/2018\/12\/DDHH-66-860x483-e1544204086551.png\" alt=\"\" width=\"550\" height=\"309\"><\/p>\n<p>El 10 de diciembre se conmemora el d\u00eda de los DD.HH., entendemos que este Estado y su Gobierno en consonancia con los grupos concentrados y el FMI, est\u00e1n violando&nbsp; sistem\u00e1ticamente los derechos de la clase trabajadora, con miles de despidos, precarizaci\u00f3n laboral, persecuci\u00f3n gremial, sindical, pol\u00edtica y la brutal violencia institucional con el fin de lograr ingentes ganancias y disciplinar con la represi\u00f3n los reclamos del campo popular.<\/p>\n<p>Argentina es parte de las Convenciones Internacionales sobre DD.HH., las cuales reconoci\u00f3 d\u00e1ndole car\u00e1cter constitucional por la Asamblea Constituyente, junto a las recomendaciones de los organismos internacionales como ONU y CIDH, u organizaciones tales como Cruz Roja, Amnist\u00eda Internacional y otros.<\/p>\n<p>Tambi\u00e9n denunciamos el vaciamiento del derecho p\u00fablico a la salud, la educaci\u00f3n, el servicio previsional, el desfinanciamiento del Anses, rob\u00e1ndole el Fondo de Sustentabilidad de las jubilaciones, el incumplimiento de las pol\u00edticas de protecci\u00f3n a los sectores carenciados, hundi\u00e9ndolos en el hambre, las enfermedades, a la extrema miseria a m\u00e1s de&nbsp; poblaci\u00f3n vulnerable, sin olvidar de la precarizaci\u00f3n de la clase media.<\/p>\n<p>Compa\u00f1eros, los DD.HH. tienen la funci\u00f3n de preservar y proteger de los Estados opresores y los monopolios financieros, de la injusticia, la tortura, la represi\u00f3n, la persecuci\u00f3n pol\u00edtica, laboral, estudiantil y la p\u00e9rdida de bienestar de la poblaci\u00f3n toda.<\/p>\n<p>Solo con la unidad y la lucha venceremos este plan violatorio de los derechos humanos, es una herramienta fundamental. Unidad, organizaci\u00f3n, desarrollando departamentos o secretarias de DD.HH. en todos los gremios, sindicatos, organizaciones sociales y pol\u00edticas, para configurar una mesa de trabajo con el fin de organizar la resistencia y enfrentar esta banda de cipayos, explotadores, traidores, antipatrias.&nbsp; &nbsp;<\/p>\n<p>&nbsp;&nbsp;&nbsp;&nbsp;&nbsp;&nbsp; &nbsp;&nbsp;Sonia Castro&nbsp;&nbsp;&nbsp;&nbsp;&nbsp;&nbsp;&nbsp;&nbsp;&nbsp;&nbsp;&nbsp;&nbsp;&nbsp;&nbsp;&nbsp;&nbsp;&nbsp;&nbsp;&nbsp;&nbsp;&nbsp;&nbsp;&nbsp;&nbsp;&nbsp;&nbsp;&nbsp;&nbsp; &nbsp;&nbsp;&nbsp;&nbsp;&nbsp;&nbsp;&nbsp;&nbsp;&nbsp;&nbsp;&nbsp;&nbsp;&nbsp;&nbsp;&nbsp; &nbsp;&nbsp;&nbsp;&nbsp;&nbsp;&nbsp;&nbsp;&nbsp;&nbsp;&nbsp;&nbsp;&nbsp;&nbsp;&nbsp;&nbsp; Juan Carlos Ju\u00e1rez&nbsp;&nbsp; &nbsp;&nbsp;&nbsp;&nbsp;&nbsp;&nbsp;&nbsp;&nbsp;&nbsp;&nbsp;&nbsp;&nbsp;&nbsp;&nbsp;&nbsp;&nbsp;&nbsp;&nbsp;&nbsp;&nbsp;&nbsp;&nbsp;&nbsp;&nbsp;&nbsp;&nbsp;&nbsp;&nbsp;&nbsp;&nbsp;&nbsp;&nbsp;&nbsp;&nbsp;&nbsp;&nbsp;&nbsp;&nbsp; &nbsp;&nbsp;&nbsp;&nbsp;&nbsp;&nbsp;&nbsp;Liliana Salerno<\/p>\n<p>&nbsp;&nbsp;&nbsp; Secretaria de DD.HH. &nbsp;&nbsp;&nbsp;&nbsp;&nbsp;&nbsp;&nbsp;&nbsp;&nbsp;&nbsp;&nbsp;&nbsp;&nbsp;&nbsp;&nbsp;&nbsp;&nbsp;&nbsp;&nbsp;&nbsp;&nbsp;&nbsp;&nbsp;&nbsp;&nbsp;&nbsp;&nbsp;&nbsp;&nbsp;&nbsp; Departamento de Derechos Humanos &nbsp;&nbsp;&nbsp;&nbsp;&nbsp;&nbsp;&nbsp;&nbsp;&nbsp;&nbsp;&nbsp;&nbsp;&nbsp;&nbsp;&nbsp;&nbsp;&nbsp;&nbsp;&nbsp;&nbsp;&nbsp;&nbsp;&nbsp;&nbsp;&nbsp;&nbsp;&nbsp;&nbsp;&nbsp;&nbsp;&nbsp; &nbsp;&nbsp;&nbsp;&nbsp;Secretaria General<\/p>\n<p>CTA-A Regional C\u00f3rdoba&nbsp;&nbsp;&nbsp;&nbsp;&nbsp;&nbsp;&nbsp;&nbsp;&nbsp;&nbsp;&nbsp;&nbsp;&nbsp;&nbsp;&nbsp;&nbsp;&nbsp;&nbsp;&nbsp;&nbsp;&nbsp;&nbsp;&nbsp;&nbsp;&nbsp;&nbsp;&nbsp;&nbsp; &nbsp;&nbsp; &nbsp;&nbsp;&nbsp;&nbsp;&nbsp;&nbsp;&nbsp;&nbsp;&nbsp;&nbsp;&nbsp;&nbsp; &nbsp;&nbsp;&nbsp;&nbsp;ATE C\u00f3rdoba&nbsp;&nbsp;&nbsp;&nbsp;&nbsp;&nbsp;&nbsp;&nbsp;&nbsp;&nbsp;&nbsp;&nbsp;&nbsp;&nbsp;&nbsp;&nbsp;&nbsp;&nbsp;&nbsp;&nbsp;&nbsp;&nbsp;&nbsp;&nbsp;&nbsp;&nbsp;&nbsp;&nbsp;&nbsp;&nbsp;&nbsp;&nbsp; &nbsp;&nbsp;&nbsp;&nbsp;&nbsp;&nbsp;&nbsp;&nbsp;&nbsp;&nbsp;&nbsp;&nbsp;&nbsp;&nbsp;&nbsp; &nbsp;&nbsp;&nbsp;&nbsp;&nbsp;&nbsp;&nbsp;&nbsp; ATE C\u00f3rdoba<\/p>\n","protected":false},"excerpt":{"rendered":"<p>El Consejo Directivo Provincial convoca a la puesta en marcha de su Departamento de Derechos Humanos, el pr\u00f3ximo lunes 10 de diciembre a las 18 horas, en la sede de ATE C\u00f3rdoba, Entre R\u00edos 450. El 10 de diciembre se conmemora el d\u00eda de los DD.HH., entendemos que este Estado y su Gobierno en consonancia [&hellip;]<\/p>\n","protected":false},"author":1,"featured_media":19220,"comment_status":"open","ping_status":"open","sticky":false,"template":"","format":"standard","meta":{"_exactmetrics_skip_tracking":false,"_exactmetrics_sitenote_active":false,"_exactmetrics_sitenote_note":"","_exactmetrics_sitenote_category":0,"jnews-multi-image_gallery":[],"jnews_single_post":[],"jnews_primary_category":[],"jnews_social_meta":[],"jnews_review":[],"enable_review":"","type":"","name":"","summary":"","brand":"","sku":"","good":[],"bad":[],"score_override":"","override_value":"","rating":[],"price":[],"jnews_override_counter":[],"jnews_post_split":[],"footnotes":""},"categories":[122],"tags":[],"class_list":["post-10664","post","type-post","status-publish","format-standard","has-post-thumbnail","hentry","category-ddhh"],"jetpack_featured_media_url":"https:\/\/atecordoba.org\/wp-content\/uploads\/2020\/05\/logo-nuevochico-e1561581322808.png","_links":{"self":[{"href":"https:\/\/atecordoba.org\/index.php?rest_route=\/wp\/v2\/posts\/10664","targetHints":{"allow":["GET"]}}],"collection":[{"href":"https:\/\/atecordoba.org\/index.php?rest_route=\/wp\/v2\/posts"}],"about":[{"href":"https:\/\/atecordoba.org\/index.php?rest_route=\/wp\/v2\/types\/post"}],"author":[{"embeddable":true,"href":"https:\/\/atecordoba.org\/index.php?rest_route=\/wp\/v2\/users\/1"}],"replies":[{"embeddable":true,"href":"https:\/\/atecordoba.org\/index.php?rest_route=%2Fwp%2Fv2%2Fcomments&post=10664"}],"version-history":[{"count":0,"href":"https:\/\/atecordoba.org\/index.php?rest_route=\/wp\/v2\/posts\/10664\/revisions"}],"wp:featuredmedia":[{"embeddable":true,"href":"https:\/\/atecordoba.org\/index.php?rest_route=\/wp\/v2\/media\/19220"}],"wp:attachment":[{"href":"https:\/\/atecordoba.org\/index.php?rest_route=%2Fwp%2Fv2%2Fmedia&parent=10664"}],"wp:term":[{"taxonomy":"category","embeddable":true,"href":"https:\/\/atecordoba.org\/index.php?rest_route=%2Fwp%2Fv2%2Fcategories&post=10664"},{"taxonomy":"post_tag","embeddable":true,"href":"https:\/\/atecordoba.org\/index.php?rest_route=%2Fwp%2Fv2%2Ftags&post=10664"}],"curies":[{"name":"wp","href":"https:\/\/api.w.org\/{rel}","templated":true}]}}