{"id":10660,"date":"2018-12-06T14:11:28","date_gmt":"2018-12-06T17:11:28","guid":{"rendered":"http:\/\/www.atecordoba.org\/?p=10660"},"modified":"2020-07-02T11:33:54","modified_gmt":"2020-07-02T14:33:54","slug":"eleccion-de-delegados-en-la-anac","status":"publish","type":"post","link":"https:\/\/atecordoba.org\/?p=10660","title":{"rendered":"Eleccion de delegados en la Anac"},"content":{"rendered":"<p><em>Hoy se llev\u00f3 a cabo el sufragio de los compa\u00f1eros de la Adminsitraci\u00f3n Nacional de Aviaci\u00f3n Civil, sita en el Aeropuerto C\u00f3rdoba.<\/em><\/p>\n<p><img loading=\"lazy\" decoding=\"async\" class=\"aligncenter size-full wp-image-10662\" src=\"http:\/\/www.atecordoba.org\/wp-content\/uploads\/2018\/12\/delegado-electo-anac-6-12-corregida-e1544116261390.jpeg\" alt=\"\" width=\"400\" height=\"533\"><\/p>\n<p>Los compa\u00f1eros participaron masivamente y resulto eloecto el compa\u00f1ero Alexis Osvaldo Ra\u00fal Vera, por un periodo de dos a\u00f1os. De esta forma se refuerza la estructura organizativa de ATE en un sector, que ha sido uno de los focos de mayor&nbsp; ajuste y vaciamiento de parte de la administraci\u00f3n de Mauricio Macri.&nbsp;<\/p>\n","protected":false},"excerpt":{"rendered":"<p>Hoy se llev\u00f3 a cabo el sufragio de los compa\u00f1eros de la Adminsitraci\u00f3n Nacional de Aviaci\u00f3n Civil, sita en el Aeropuerto C\u00f3rdoba. Los compa\u00f1eros participaron masivamente y resulto eloecto el compa\u00f1ero Alexis Osvaldo Ra\u00fal Vera, por un periodo de dos a\u00f1os. De esta forma se refuerza la estructura organizativa de ATE en un sector, que [&hellip;]<\/p>\n","protected":false},"author":1,"featured_media":19220,"comment_status":"open","ping_status":"open","sticky":false,"template":"","format":"standard","meta":{"_exactmetrics_skip_tracking":false,"_exactmetrics_sitenote_active":false,"_exactmetrics_sitenote_note":"","_exactmetrics_sitenote_category":0,"jnews-multi-image_gallery":[],"jnews_single_post":[],"jnews_primary_category":[],"jnews_social_meta":[],"jnews_review":[],"enable_review":"","type":"","name":"","summary":"","brand":"","sku":"","good":[],"bad":[],"score_override":"","override_value":"","rating":[],"price":[],"jnews_override_counter":[],"jnews_post_split":[],"footnotes":""},"categories":[18],"tags":[33,347],"class_list":["post-10660","post","type-post","status-publish","format-standard","has-post-thumbnail","hentry","category-nacionales","tag-anac","tag-movimiento-aeronautico-cordobes-mac"],"jetpack_featured_media_url":"https:\/\/atecordoba.org\/wp-content\/uploads\/2020\/05\/logo-nuevochico-e1561581322808.png","_links":{"self":[{"href":"https:\/\/atecordoba.org\/index.php?rest_route=\/wp\/v2\/posts\/10660","targetHints":{"allow":["GET"]}}],"collection":[{"href":"https:\/\/atecordoba.org\/index.php?rest_route=\/wp\/v2\/posts"}],"about":[{"href":"https:\/\/atecordoba.org\/index.php?rest_route=\/wp\/v2\/types\/post"}],"author":[{"embeddable":true,"href":"https:\/\/atecordoba.org\/index.php?rest_route=\/wp\/v2\/users\/1"}],"replies":[{"embeddable":true,"href":"https:\/\/atecordoba.org\/index.php?rest_route=%2Fwp%2Fv2%2Fcomments&post=10660"}],"version-history":[{"count":1,"href":"https:\/\/atecordoba.org\/index.php?rest_route=\/wp\/v2\/posts\/10660\/revisions"}],"predecessor-version":[{"id":20545,"href":"https:\/\/atecordoba.org\/index.php?rest_route=\/wp\/v2\/posts\/10660\/revisions\/20545"}],"wp:featuredmedia":[{"embeddable":true,"href":"https:\/\/atecordoba.org\/index.php?rest_route=\/wp\/v2\/media\/19220"}],"wp:attachment":[{"href":"https:\/\/atecordoba.org\/index.php?rest_route=%2Fwp%2Fv2%2Fmedia&parent=10660"}],"wp:term":[{"taxonomy":"category","embeddable":true,"href":"https:\/\/atecordoba.org\/index.php?rest_route=%2Fwp%2Fv2%2Fcategories&post=10660"},{"taxonomy":"post_tag","embeddable":true,"href":"https:\/\/atecordoba.org\/index.php?rest_route=%2Fwp%2Fv2%2Ftags&post=10660"}],"curies":[{"name":"wp","href":"https:\/\/api.w.org\/{rel}","templated":true}]}}