{"id":10645,"date":"2018-12-04T13:49:25","date_gmt":"2018-12-04T16:49:25","guid":{"rendered":"http:\/\/www.atecordoba.org\/?p=10645"},"modified":"2018-12-04T13:49:25","modified_gmt":"2018-12-04T16:49:25","slug":"un-juez-federal-ordena-reinstalar-a-delegada-de-ate-cesanteada-en-agricultura-familiar","status":"publish","type":"post","link":"https:\/\/atecordoba.org\/?p=10645","title":{"rendered":"Un juez federal ordena reinstalar a delegada de ATE cesanteada en Agricultura Familiar"},"content":{"rendered":"<p><em>La delegada hab\u00eda sido despedida en marco de despidos masivos que el gobierno de Macri realiz\u00f3 recientemente en el organismo.<\/em><\/p>\n<p><img loading=\"lazy\" decoding=\"async\" class=\"aligncenter size-full wp-image-10646\" src=\"http:\/\/www.atecordoba.org\/wp-content\/uploads\/2018\/12\/delegada-saf-arrigoni_web.png\" alt=\"\" width=\"325\" height=\"500\"><\/p>\n<p>La compa\u00f1era Ariatna Arrigoni fue cesanteada junto a otros compa\u00f1eros de la Subsecretaria de Agricultura Familiar en septiembre pasado, en una nueva oleada de despidos del gobierno macrista, que pr\u00e1cticamente vaci\u00f3 de trabajadores el organismo que se ocupa de asesorar a peque\u00f1os productores rurales por fuera del sistema del agronegocio trasnacional.&nbsp;<\/p>\n<p>La delegada inmediatamente se present\u00f3 a la justica por medio de la asesor\u00eda letrada de ATE C\u00f3rdoba a los fines de hacer respetar su tutela sindical y reclamar tanto su reincorporaci\u00f3n como los salarios ca\u00eddos a consecuencia de la medida arbitraria e ilegal de las autoridades organismo.&nbsp;<\/p>\n<p>As\u00ed, el 22 de noviembre pasado el juzgado federal N\u00ba1, a cargo de Ricardo Bustos Fierro, hizo lugar a la medida cautelar presentada oportunamente y orden\u00f3 reinstalar a Arrigoni, en base a la legislaci\u00f3n laboral protectoria que defiende la funci\u00f3n de los delegados en su lugar de trabajo. De esta forma se garantiza que los trabajadores puedan mantener la presentaci\u00f3n sindical que garantiza la constituci\u00f3n nacional.<\/p>\n<p>Ahora resta que la justicia, en otra causa patrocinada por ATE, reinstale a otro delegado que sufri\u00f3 la misma arbitrariedad, mientras entre todos damos la pelea para que todos los trabajadores recuperen su puesto de trabajo.&nbsp;<\/p>\n<p>&nbsp;<\/p>\n","protected":false},"excerpt":{"rendered":"<p>La delegada hab\u00eda sido despedida en marco de despidos masivos que el gobierno de Macri realiz\u00f3 recientemente en el organismo. La compa\u00f1era Ariatna Arrigoni fue cesanteada junto a otros compa\u00f1eros de la Subsecretaria de Agricultura Familiar en septiembre pasado, en una nueva oleada de despidos del gobierno macrista, que pr\u00e1cticamente vaci\u00f3 de trabajadores el organismo [&hellip;]<\/p>\n","protected":false},"author":1,"featured_media":19220,"comment_status":"open","ping_status":"open","sticky":false,"template":"","format":"standard","meta":{"_exactmetrics_skip_tracking":false,"_exactmetrics_sitenote_active":false,"_exactmetrics_sitenote_note":"","_exactmetrics_sitenote_category":0,"jnews-multi-image_gallery":[],"jnews_single_post":[],"jnews_primary_category":[],"jnews_social_meta":[],"jnews_review":[],"enable_review":"","type":"","name":"","summary":"","brand":"","sku":"","good":[],"bad":[],"score_override":"","override_value":"","rating":[],"price":[],"jnews_override_counter":[],"jnews_post_split":[],"footnotes":""},"categories":[16],"tags":[],"class_list":["post-10645","post","type-post","status-publish","format-standard","has-post-thumbnail","hentry","category-saf"],"jetpack_featured_media_url":"https:\/\/atecordoba.org\/wp-content\/uploads\/2020\/05\/logo-nuevochico-e1561581322808.png","_links":{"self":[{"href":"https:\/\/atecordoba.org\/index.php?rest_route=\/wp\/v2\/posts\/10645","targetHints":{"allow":["GET"]}}],"collection":[{"href":"https:\/\/atecordoba.org\/index.php?rest_route=\/wp\/v2\/posts"}],"about":[{"href":"https:\/\/atecordoba.org\/index.php?rest_route=\/wp\/v2\/types\/post"}],"author":[{"embeddable":true,"href":"https:\/\/atecordoba.org\/index.php?rest_route=\/wp\/v2\/users\/1"}],"replies":[{"embeddable":true,"href":"https:\/\/atecordoba.org\/index.php?rest_route=%2Fwp%2Fv2%2Fcomments&post=10645"}],"version-history":[{"count":0,"href":"https:\/\/atecordoba.org\/index.php?rest_route=\/wp\/v2\/posts\/10645\/revisions"}],"wp:featuredmedia":[{"embeddable":true,"href":"https:\/\/atecordoba.org\/index.php?rest_route=\/wp\/v2\/media\/19220"}],"wp:attachment":[{"href":"https:\/\/atecordoba.org\/index.php?rest_route=%2Fwp%2Fv2%2Fmedia&parent=10645"}],"wp:term":[{"taxonomy":"category","embeddable":true,"href":"https:\/\/atecordoba.org\/index.php?rest_route=%2Fwp%2Fv2%2Fcategories&post=10645"},{"taxonomy":"post_tag","embeddable":true,"href":"https:\/\/atecordoba.org\/index.php?rest_route=%2Fwp%2Fv2%2Ftags&post=10645"}],"curies":[{"name":"wp","href":"https:\/\/api.w.org\/{rel}","templated":true}]}}