{"id":10642,"date":"2018-12-03T12:12:43","date_gmt":"2018-12-03T15:12:43","guid":{"rendered":"http:\/\/www.atecordoba.org\/?p=10642"},"modified":"2018-12-03T12:12:43","modified_gmt":"2018-12-03T15:12:43","slug":"ate-y-la-cta-a-en-la-imponente-marcha-contra-el-g-20-en-caba","status":"publish","type":"post","link":"https:\/\/atecordoba.org\/?p=10642","title":{"rendered":"ATE y la CTA-A en la imponente marcha contra el G-20 en CABA"},"content":{"rendered":"<p><em>A pesar del operativo policial, la ciudad fue atravesada por un gran cord\u00f3n de organizaciones que rechazaron con fuerza al foro de mandatarios.<\/em><\/p>\n<div class=\"epyt-video-wrapper\"><iframe loading=\"lazy\"  style=\"display: block; margin: 0px auto;\"  id=\"_ytid_79871\"  width=\"480\" height=\"270\"  data-origwidth=\"480\" data-origheight=\"270\" src=\"https:\/\/www.youtube.com\/embed\/Ev3UcIQYpqI?enablejsapi=1&#038;autoplay=0&#038;cc_load_policy=0&#038;cc_lang_pref=&#038;iv_load_policy=3&#038;loop=0&#038;rel=0&#038;fs=1&#038;playsinline=0&#038;autohide=2&#038;theme=dark&#038;color=red&#038;controls=1&#038;disablekb=0&#038;\" class=\"__youtube_prefs__  epyt-is-override  no-lazyload\" title=\"YouTube player\"  allow=\"fullscreen; accelerometer; autoplay; clipboard-write; encrypted-media; gyroscope; picture-in-picture; web-share\" referrerpolicy=\"strict-origin-when-cross-origin\" allowfullscreen data-no-lazy=\"1\" data-skipgform_ajax_framebjll=\"\"><\/iframe><\/div>\n<p style=\"font-weight: 400;\">Sin responder al clima de miedo emanado desde los m\u00e1s altos funcionarios del Gobierno y de las amenazas y provocaciones de la ministra de Seguridad de los \u00faltimos d\u00edas, cientos de organizaciones participaron de la marcha contra el G-20 en Argentina, en una gigantesca columna que se extendi\u00f3 a lo largo de m\u00e1s de 800 metros por Avenida 9 de Julio, desde el cruce con San Juan -en la subida a la autopista- hasta Avenida de Mayo, en donde la multitudinaria manifestaci\u00f3n gir\u00f3 para llegar finalmente a la Plaza Congreso.<\/p>\n<p style=\"font-weight: 400;\">Con un contexto de militarizaci\u00f3n en todo el centro de la ciudad, y con un desmedido despliegue de fuerzas de seguridad, organizaciones sociales, sindicatos y centrales obreras, agrupaciones estudiantiles, organismos de derechos humanos, partidos pol\u00edticos y distintos sectores del campo popular, nacional e internacional, hicieron sentir un potente acto de rechazo a las pol\u00edticas de pobreza y extranjerizaci\u00f3n que promueve el foro internacional de mandatarios de las potencias mundiales, que se desarrolla durante estos d\u00edas en nuestro pa\u00eds.<\/p>\n<p style=\"font-weight: 400;\">En la cabecera de la marcha,&nbsp;el Secretario General de ATE, Hugo Cachorro Godoy cuestion\u00f3 el operativo represivo: \u201cEl Gobierno ha aprovechado el encuentro del G20 para hacer un despliegue militar inusitado, para generar temor, para que el pueblo se desmovilice, y que esa desmovilizaci\u00f3n convalide las pol\u00edticas de entrega de Macri, que ha convertido la instituci\u00f3n presidencial en un virreinato\u201d<\/p>\n<p style=\"font-weight: 400;\">\u201cPorque le ha entregado la llave de la pol\u00edtica econ\u00f3mica y social al FMI, y se postra ante personajes nefastos como Trump, que quiere imponer la pol\u00edtica de especulaci\u00f3n financiera y de sumisi\u00f3n a los intereses de grandes trasnacionales para seguir saqueando a nuestros pa\u00edses\u201d, expres\u00f3 el titular de la Asociaci\u00f3n Trabajadores del Estado. &nbsp;<\/p>\n<p style=\"font-weight: 400;\">Por \u00faltimo, Godoy valor\u00f3 la masiva participaci\u00f3n en la movilizaci\u00f3n: \u201cEl pueblo es hermoso, y en las \u00faltimas dos semanas, en todo el pa\u00eds, hubo debates y manifestaciones impresionantes. Eso nos da aliento y nos permite seguir alentando la perspectiva de que esta pol\u00edticas van a ser derrotadas por el pueblo argentino. Y vamos a construir una pol\u00edtica de humanidad diferente. El capitalismo inhumano de la especulaci\u00f3n financiera lo que quiere es seguir extrayendo lo mejor de la riqueza que los pueblos generan. Esta jornada de lucha y de exteriorizaci\u00f3n de propuestas alternativas nos alienta y nos llena de confianza\u201d. &nbsp;&nbsp;<\/p>\n<p style=\"font-weight: 400;\">Grupos con m\u00f3viles de Prefectura Naval, de Polic\u00eda Federal y Polic\u00eda de la Ciudad de Buenos Aires blindaron todas las esquinas por las que se desarroll\u00f3 la protesta. La jornada comenz\u00f3 con detenciones de militantes y dirigentes. &nbsp;Patricia Bullrich volvi\u00f3 a intentar amedrentar a la ciudadan\u00eda esta ma\u00f1ana asegurando que habr\u00eda \u201cun cerco y a partir de Avenida de Mayo y 9 de Julio no van a poder pasar&#8221;.<\/p>\n<p style=\"font-weight: 400;\">Sin embargo, las actividades se desenvolvieron de manera pac\u00edfica y las provocaciones de los efectivos de las fuerzas de seguridad no encontraron respuesta en los participantes de la marcha.<\/p>\n<p>Ricardo Peidro, Secretario General de la CTA Aut\u00f3noma, destac\u00f3: \u201cLa movilizaci\u00f3n es multitudinaria en CABA y en todo el pa\u00eds. Nuestro pueblo, cuando se lo amenaza, sale con m\u00e1s fuerzas a las calles. Lo de hoy es un hito m\u00e1s en el plan de lucha frente al ajuste que significa m\u00e1s penurias y menos trabajo para nuestro pueblo. Venimos a resistir pero tambi\u00e9n a decir qu\u00e9 sociedad queremos, qu\u00e9 mundo queremos, qu\u00e9 pa\u00eds queremos, que no es el que nos quieren imponer desde el G20\u201d.<\/p>\n<p>Por su parte, desde la nutrida columna de ATE,&nbsp;el Secretario Adjunto del gremio y presidente de CLATE (confederaci\u00f3n Latinoamericana y del Caribe de Trabajadores Estatales), Julio Fuentes, lament\u00f3 que la actividad se diera \u201cen una ciudad sitiada\u201d, pero valor\u00f3: \u201cEllos encerrados perge\u00f1ando un mundo que no es para todos, que no lo soporta el planeta ni la humanidad. Y aqu\u00ed la gente est\u00e1 en la calle, con la bronca de ese mundo para pocos pero tambi\u00e9n con la esperanza de que luchando vamos a modificar esta realidad\u201d.<\/p>\n<p>Finalmente, ya frente al Congreso Nacional,&nbsp;Nora Corti\u00f1as, referente de Madres de Plaza de Mayo L\u00ednea Fundadora, fue la encargada de leer el documento unificado con el que las organizaciones expresaron su repudio al G-20 y al acuerdo con el FMI:<\/p>\n<p>\u201cEl club privado de las potencias imperialistas, que mantienen a los organismos multilaterales de cr\u00e9dito y comercio como socios, e invitan a los pa\u00edses llamado emergentes a poner la mesa, disputan por las materias primas y los mercados descargando planes de s\u00faper explotaci\u00f3n sobre los trabajadores, las trabajadoras, los pueblos, los recursos naturales y el medio ambiente\u201d.<\/p>\n<p>\u201cDenunciamos la sumisi\u00f3n del gobierno de Macri a las pol\u00edticas que impulsa el G20, como el acuerdo con el FMI, que nos condena a una deuda ilegitima e impagable, y a un ajuste que implica&nbsp; salarios y jubilaciones a la baja, inestabilidad laboral, liquidaci\u00f3n del sistema previsional, mayor desocupaci\u00f3n, la falta de paritarias, la entrega de nuestro territorio y recursos y bienes comunes\u201d.<\/p>\n<p>\u201cPor eso rechazamos el acuerdo y repudiamos el pago de la deuda externa, el Presupuesto 2019 aprobado por el Gobierno de Macri y gran parte de la oposici\u00f3n para cumplir el acuerdo con el FMI y los planes del G20, que consagra un costo social tremendo al recortar las partidas sociales mientras aumenta la deuda y el pago de intereses. Los tarifazos, la suba escandalosa de las tasas de inter\u00e9s y la brutal devaluaci\u00f3n han provocado una baja sin precedentes en la actividad econ\u00f3mica y el poder adquisitivo del pueblo argentino\u201d.<\/p>\n<p>\u201cLa aplicaci\u00f3n de estas recetas est\u00e1 originando una multitud de luchas, enormes paros contra la rebaja salarial, resistencias a los despidos y el extractivismo, las luchas feministas y las disidencias, entre otras\u201d.<\/p>\n<p>\u201cLa Cumbre de l\u00edderes del G20 re\u00fane a los grandes responsables de las estrategias de dominaci\u00f3n de los pueblos y la naturaleza que tan nefastos efectos descargan sobre la pol\u00edtica y la econom\u00eda argentina y del mundo entero\u201d.<\/p>\n<p>\u201cRepudiamos la presencia en nuestro pa\u00eds de Trump y dem\u00e1s l\u00edderes imperialistas, representantes de la banca internacional y las grandes trasnacionales, el FMI, el BM, la OCDE, enemigos de la humanidad. Proclamaos Fuera G20, Fuera FMI!<\/p>\n<p>\u201c\u00a1No pagamos, no debemos!\u201d, concluy\u00f3 Nora Corti\u00f1as, en el cierre de la hist\u00f3rica marcha contra el paso del G20 por Buenos Aires.<\/p>\n<p>En el video participan:<\/p>\n<p>Hugo &#8220;Cachorro&#8221; Godoy, Secretario General de ATE Nacional<\/p>\n<p>Nora Corti\u00f1as, Madres de Plaza de Mayo L\u00ednea Fundadora<\/p>\n<p>Ricardo Peidro, Secretario General CTA &#8211; Aut\u00f3noma&nbsp;&nbsp;&nbsp;<\/p>\n<p>&nbsp;<\/p>\n","protected":false},"excerpt":{"rendered":"<p>A pesar del operativo policial, la ciudad fue atravesada por un gran cord\u00f3n de organizaciones que rechazaron con fuerza al foro de mandatarios. Sin responder al clima de miedo emanado desde los m\u00e1s altos funcionarios del Gobierno y de las amenazas y provocaciones de la ministra de Seguridad de los \u00faltimos d\u00edas, cientos de organizaciones [&hellip;]<\/p>\n","protected":false},"author":1,"featured_media":19220,"comment_status":"open","ping_status":"open","sticky":false,"template":"","format":"standard","meta":{"_exactmetrics_skip_tracking":false,"_exactmetrics_sitenote_active":false,"_exactmetrics_sitenote_note":"","_exactmetrics_sitenote_category":0,"jnews-multi-image_gallery":[],"jnews_single_post":[],"jnews_primary_category":[],"jnews_social_meta":[],"jnews_review":[],"enable_review":"","type":"","name":"","summary":"","brand":"","sku":"","good":[],"bad":[],"score_override":"","override_value":"","rating":[],"price":[],"jnews_override_counter":[],"jnews_post_split":[],"footnotes":""},"categories":[10],"tags":[],"class_list":["post-10642","post","type-post","status-publish","format-standard","has-post-thumbnail","hentry","category-accion-politica"],"jetpack_featured_media_url":"https:\/\/atecordoba.org\/wp-content\/uploads\/2020\/05\/logo-nuevochico-e1561581322808.png","_links":{"self":[{"href":"https:\/\/atecordoba.org\/index.php?rest_route=\/wp\/v2\/posts\/10642","targetHints":{"allow":["GET"]}}],"collection":[{"href":"https:\/\/atecordoba.org\/index.php?rest_route=\/wp\/v2\/posts"}],"about":[{"href":"https:\/\/atecordoba.org\/index.php?rest_route=\/wp\/v2\/types\/post"}],"author":[{"embeddable":true,"href":"https:\/\/atecordoba.org\/index.php?rest_route=\/wp\/v2\/users\/1"}],"replies":[{"embeddable":true,"href":"https:\/\/atecordoba.org\/index.php?rest_route=%2Fwp%2Fv2%2Fcomments&post=10642"}],"version-history":[{"count":0,"href":"https:\/\/atecordoba.org\/index.php?rest_route=\/wp\/v2\/posts\/10642\/revisions"}],"wp:featuredmedia":[{"embeddable":true,"href":"https:\/\/atecordoba.org\/index.php?rest_route=\/wp\/v2\/media\/19220"}],"wp:attachment":[{"href":"https:\/\/atecordoba.org\/index.php?rest_route=%2Fwp%2Fv2%2Fmedia&parent=10642"}],"wp:term":[{"taxonomy":"category","embeddable":true,"href":"https:\/\/atecordoba.org\/index.php?rest_route=%2Fwp%2Fv2%2Fcategories&post=10642"},{"taxonomy":"post_tag","embeddable":true,"href":"https:\/\/atecordoba.org\/index.php?rest_route=%2Fwp%2Fv2%2Ftags&post=10642"}],"curies":[{"name":"wp","href":"https:\/\/api.w.org\/{rel}","templated":true}]}}