{"id":10639,"date":"2018-12-03T12:04:07","date_gmt":"2018-12-03T15:04:07","guid":{"rendered":"http:\/\/www.atecordoba.org\/?p=10639"},"modified":"2020-08-10T11:02:25","modified_gmt":"2020-08-10T14:02:25","slug":"asamblea-en-pami-en-reclamo-por-dos-despidos-en-tucuman","status":"publish","type":"post","link":"https:\/\/atecordoba.org\/?p=10639","title":{"rendered":"Asamblea en Pami en reclamo por dos despidos en Tucum\u00e1n"},"content":{"rendered":"<p><em>ATE realiz\u00f3 una volanteada por todos los pisos de la sede del organismo en C\u00f3rdoba Capital y finaliz\u00f3 con una asamblea en el hall central.&nbsp;<\/em><\/p>\n<p><img loading=\"lazy\" decoding=\"async\" class=\"aligncenter size-full wp-image-10640\" src=\"http:\/\/www.atecordoba.org\/wp-content\/uploads\/2018\/12\/pami-asamblea-viernes-e1543849422190.jpeg\" alt=\"\" width=\"550\" height=\"413\"><\/p>\n<p>Por la reincorporaci\u00f3n de dos trabajadoras despedidas de Pami en Tucum\u00e1n Capital, ATE realiz\u00f3 el viernes pasado una volanteada por todos los pisos de la sede de avenida General paz, convocando a una asamblea de trabajadores donde se resolvi\u00f3 proseguir con las medidas de fuerza y actos de protesta cada viernes, hasta lograr un resultado positivo. En la oportunidad estuvo presente el secretario de Prensa del CDP, Daniel Pawluchuzk.<\/p>\n<p>Por otro lado, los compa\u00f1eros trasmitieron a los beneficiarios del Pami la acuciante situaci\u00f3n que atraviesa el sector, fruto del ajuste que lleva adelante el gobierno de Mauricio Macri, expresado en una abrupta ca\u00edda del salario real de los trabajadores. En lo que va del a\u00f1o, los compa\u00f1eros de PAMI solo recibieron una recomposici\u00f3n del 13%, contra una inflaci\u00f3n anualizada que llegar\u00e1 al menos al 45%.&nbsp;<\/p>\n<p>As\u00ed mismo, se plante\u00f3 en la asamblea el recurrente reclamo por la cobertura y nombramiento de cargos vacantes, de compa\u00f1eros que se jubilaron y no han sido reemplazados. Esta situaci\u00f3n viene extendi\u00e9ndose desde la gesti\u00f3n del gobierno anterior, sin que hasta el momento las autoridades hayan tomado medidas para revertirla. La falta de nombramientos produce un recargo de tareas en el plantel de trabajadores, aumenta en consecuencia la cantidad de carpetas (m\u00e9dicas y psiqui\u00e1tricas) y repercute finalmente en la atenci\u00f3n de los beneficiarios.&nbsp;<\/p>\n<p>En esa l\u00ednea, se hizo presente el reclamo hist\u00f3rico de ATE para que el PAMI&nbsp;vuelva a ser gestionado y administrado por sus leg\u00edtimos due\u00f1os, por un directorio compuesto los trabajadores activos y jubilados junto al resto de los sectores representativos, tal como lo establece la normativa que regula el funcionamiento del organismo.<\/p>\n","protected":false},"excerpt":{"rendered":"<p>ATE realiz\u00f3 una volanteada por todos los pisos de la sede del organismo en C\u00f3rdoba Capital y finaliz\u00f3 con una asamblea en el hall central.&nbsp; Por la reincorporaci\u00f3n de dos trabajadoras despedidas de Pami en Tucum\u00e1n Capital, ATE realiz\u00f3 el viernes pasado una volanteada por todos los pisos de la sede de avenida General paz, [&hellip;]<\/p>\n","protected":false},"author":1,"featured_media":19220,"comment_status":"open","ping_status":"open","sticky":false,"template":"","format":"standard","meta":{"_exactmetrics_skip_tracking":false,"_exactmetrics_sitenote_active":false,"_exactmetrics_sitenote_note":"","_exactmetrics_sitenote_category":0,"jnews-multi-image_gallery":[],"jnews_single_post":[],"jnews_primary_category":[],"jnews_social_meta":[],"jnews_review":[],"enable_review":"","type":"","name":"","summary":"","brand":"","sku":"","good":[],"bad":[],"score_override":"","override_value":"","rating":[],"price":[],"jnews_override_counter":[],"jnews_post_split":[],"footnotes":""},"categories":[18],"tags":[],"class_list":["post-10639","post","type-post","status-publish","format-standard","has-post-thumbnail","hentry","category-nacionales"],"jetpack_featured_media_url":"https:\/\/atecordoba.org\/wp-content\/uploads\/2020\/05\/logo-nuevochico-e1561581322808.png","_links":{"self":[{"href":"https:\/\/atecordoba.org\/index.php?rest_route=\/wp\/v2\/posts\/10639","targetHints":{"allow":["GET"]}}],"collection":[{"href":"https:\/\/atecordoba.org\/index.php?rest_route=\/wp\/v2\/posts"}],"about":[{"href":"https:\/\/atecordoba.org\/index.php?rest_route=\/wp\/v2\/types\/post"}],"author":[{"embeddable":true,"href":"https:\/\/atecordoba.org\/index.php?rest_route=\/wp\/v2\/users\/1"}],"replies":[{"embeddable":true,"href":"https:\/\/atecordoba.org\/index.php?rest_route=%2Fwp%2Fv2%2Fcomments&post=10639"}],"version-history":[{"count":1,"href":"https:\/\/atecordoba.org\/index.php?rest_route=\/wp\/v2\/posts\/10639\/revisions"}],"predecessor-version":[{"id":21131,"href":"https:\/\/atecordoba.org\/index.php?rest_route=\/wp\/v2\/posts\/10639\/revisions\/21131"}],"wp:featuredmedia":[{"embeddable":true,"href":"https:\/\/atecordoba.org\/index.php?rest_route=\/wp\/v2\/media\/19220"}],"wp:attachment":[{"href":"https:\/\/atecordoba.org\/index.php?rest_route=%2Fwp%2Fv2%2Fmedia&parent=10639"}],"wp:term":[{"taxonomy":"category","embeddable":true,"href":"https:\/\/atecordoba.org\/index.php?rest_route=%2Fwp%2Fv2%2Fcategories&post=10639"},{"taxonomy":"post_tag","embeddable":true,"href":"https:\/\/atecordoba.org\/index.php?rest_route=%2Fwp%2Fv2%2Ftags&post=10639"}],"curies":[{"name":"wp","href":"https:\/\/api.w.org\/{rel}","templated":true}]}}