{"id":10634,"date":"2018-11-30T13:52:51","date_gmt":"2018-11-30T16:52:51","guid":{"rendered":"http:\/\/www.atecordoba.org\/?p=10634"},"modified":"2020-06-18T23:40:33","modified_gmt":"2020-06-19T02:40:33","slug":"aumento-salarial-del-30-para-los-municipales-de-san-marcos-sierra-en-2019","status":"publish","type":"post","link":"https:\/\/atecordoba.org\/?p=10634","title":{"rendered":"Aumento salarial del 30% para los municipales de San Marcos Sierra en 2019"},"content":{"rendered":"<p><em>ATE firm\u00f3 un acuerdo salarial hoy que establece una recompsoci\u00f3n del 30% para el 2019.<\/em><\/p>\n<p><img loading=\"lazy\" decoding=\"async\" class=\"aligncenter size-full wp-image-10636\" src=\"http:\/\/atecordoba.org\/wp-content\/uploads\/2020\/06\/WhatsApp-Image-2018-11-30-at-11.15.14-e1543596695152.jpg\" alt=\"\" width=\"550\" height=\"413\"><\/p>\n<p>Se trata del primer acuerdo que suscribe el CDP para el a\u00f1o entrante en el \u00e1mbito municipal. La negociaci\u00f3n se llev\u00f3 adelante a trav\u00e9s del compa\u00f1eros Alejandro Murua, Secretario de Interior, acompa\u00f1ado por Luis Mar\u00eda Alman Bornes, por parte de ATE, y por el intendente de la localidad serrana, Cesar Briguera.<\/p>\n<p>El acta suscripta compromete a la comuna a brindar un aumento salarial del 30%, la m\u00e1s alta de la regi\u00f3n, a abonarse un 20% en enero y el 10% restante en julio. En tanto, queda pendiente estudiar el pago de un bono remunerativo durante el primer trimestre del 2019, ya que Briguera adujo que es imposible pagarlo en este fin de a\u00f1o.&nbsp;<\/p>\n<p>A su vez, el acuerdo incluye en el acta una renegociaci\u00f3n a partir de agosto por ajuste de la pauta en funci\u00f3n de la pauta inflacionaria que se desarrolle el a\u00f1o que viene.<\/p>\n<p><img loading=\"lazy\" decoding=\"async\" class=\"aligncenter size-full wp-image-10635\" src=\"http:\/\/atecordoba.org\/wp-content\/uploads\/2020\/06\/WhatsApp-Image-2018-11-30-at-11.17.49-e1543596752858.jpg\" alt=\"\" width=\"550\" height=\"733\"><\/p>\n","protected":false},"excerpt":{"rendered":"<p>ATE firm\u00f3 un acuerdo salarial hoy que establece una recompsoci\u00f3n del 30% para el 2019. Se trata del primer acuerdo que suscribe el CDP para el a\u00f1o entrante en el \u00e1mbito municipal. La negociaci\u00f3n se llev\u00f3 adelante a trav\u00e9s del compa\u00f1eros Alejandro Murua, Secretario de Interior, acompa\u00f1ado por Luis Mar\u00eda Alman Bornes, por parte de [&hellip;]<\/p>\n","protected":false},"author":1,"featured_media":19220,"comment_status":"open","ping_status":"open","sticky":false,"template":"","format":"standard","meta":{"_exactmetrics_skip_tracking":false,"_exactmetrics_sitenote_active":false,"_exactmetrics_sitenote_note":"","_exactmetrics_sitenote_category":0,"jnews-multi-image_gallery":[],"jnews_single_post":[],"jnews_primary_category":[],"jnews_social_meta":[],"jnews_review":[],"enable_review":"","type":"","name":"","summary":"","brand":"","sku":"","good":[],"bad":[],"score_override":"","override_value":"","rating":[],"price":[],"jnews_override_counter":[],"jnews_post_split":[],"footnotes":""},"categories":[20],"tags":[],"class_list":["post-10634","post","type-post","status-publish","format-standard","has-post-thumbnail","hentry","category-municipales"],"jetpack_featured_media_url":"https:\/\/atecordoba.org\/wp-content\/uploads\/2020\/05\/logo-nuevochico-e1561581322808.png","_links":{"self":[{"href":"https:\/\/atecordoba.org\/index.php?rest_route=\/wp\/v2\/posts\/10634","targetHints":{"allow":["GET"]}}],"collection":[{"href":"https:\/\/atecordoba.org\/index.php?rest_route=\/wp\/v2\/posts"}],"about":[{"href":"https:\/\/atecordoba.org\/index.php?rest_route=\/wp\/v2\/types\/post"}],"author":[{"embeddable":true,"href":"https:\/\/atecordoba.org\/index.php?rest_route=\/wp\/v2\/users\/1"}],"replies":[{"embeddable":true,"href":"https:\/\/atecordoba.org\/index.php?rest_route=%2Fwp%2Fv2%2Fcomments&post=10634"}],"version-history":[{"count":1,"href":"https:\/\/atecordoba.org\/index.php?rest_route=\/wp\/v2\/posts\/10634\/revisions"}],"predecessor-version":[{"id":20353,"href":"https:\/\/atecordoba.org\/index.php?rest_route=\/wp\/v2\/posts\/10634\/revisions\/20353"}],"wp:featuredmedia":[{"embeddable":true,"href":"https:\/\/atecordoba.org\/index.php?rest_route=\/wp\/v2\/media\/19220"}],"wp:attachment":[{"href":"https:\/\/atecordoba.org\/index.php?rest_route=%2Fwp%2Fv2%2Fmedia&parent=10634"}],"wp:term":[{"taxonomy":"category","embeddable":true,"href":"https:\/\/atecordoba.org\/index.php?rest_route=%2Fwp%2Fv2%2Fcategories&post=10634"},{"taxonomy":"post_tag","embeddable":true,"href":"https:\/\/atecordoba.org\/index.php?rest_route=%2Fwp%2Fv2%2Ftags&post=10634"}],"curies":[{"name":"wp","href":"https:\/\/api.w.org\/{rel}","templated":true}]}}