{"id":10626,"date":"2018-11-27T13:09:02","date_gmt":"2018-11-27T16:09:02","guid":{"rendered":"http:\/\/www.atecordoba.org\/?p=10626"},"modified":"2018-11-27T13:09:02","modified_gmt":"2018-11-27T16:09:02","slug":"cosquin-el-iosfa-eligio-delegado-de-ate","status":"publish","type":"post","link":"https:\/\/atecordoba.org\/?p=10626","title":{"rendered":"Cosqu\u00edn: el Iosfa eligi\u00f3 delegado de ATE"},"content":{"rendered":"<p><em>El viernes 23 de noviembre los trabajadores del Hotel Colonia Costanera votaron representante del sector.<\/em><\/p>\n<p><img loading=\"lazy\" decoding=\"async\" class=\"aligncenter size-full wp-image-10628\" src=\"http:\/\/www.atecordoba.org\/wp-content\/uploads\/2018\/11\/WhatsApp-Image-2018-11-27-at-12.01.56-1-e1543334898454.jpeg\" alt=\"\" width=\"400\" height=\"225\"><\/p>\n<p>Se trata del compa\u00f1ero Gustavo Tomas Liendo, que tendr\u00e1 mandato por los pr\u00f3ximos dos a\u00f1os. La elecci\u00f3n cont\u00f3 con amplia participaci\u00f3n de los trabajadores del sector.<\/p>\n","protected":false},"excerpt":{"rendered":"<p>El viernes 23 de noviembre los trabajadores del Hotel Colonia Costanera votaron representante del sector. Se trata del compa\u00f1ero Gustavo Tomas Liendo, que tendr\u00e1 mandato por los pr\u00f3ximos dos a\u00f1os. La elecci\u00f3n cont\u00f3 con amplia participaci\u00f3n de los trabajadores del sector.<\/p>\n","protected":false},"author":1,"featured_media":19220,"comment_status":"open","ping_status":"open","sticky":false,"template":"","format":"standard","meta":{"_exactmetrics_skip_tracking":false,"_exactmetrics_sitenote_active":false,"_exactmetrics_sitenote_note":"","_exactmetrics_sitenote_category":0,"jnews-multi-image_gallery":[],"jnews_single_post":[],"jnews_primary_category":[],"jnews_social_meta":[],"jnews_review":[],"enable_review":"","type":"","name":"","summary":"","brand":"","sku":"","good":[],"bad":[],"score_override":"","override_value":"","rating":[],"price":[],"jnews_override_counter":[],"jnews_post_split":[],"footnotes":""},"categories":[9],"tags":[],"class_list":["post-10626","post","type-post","status-publish","format-standard","has-post-thumbnail","hentry","category-trabajadores-civiles-ff-aa"],"jetpack_featured_media_url":"https:\/\/atecordoba.org\/wp-content\/uploads\/2020\/05\/logo-nuevochico-e1561581322808.png","_links":{"self":[{"href":"https:\/\/atecordoba.org\/index.php?rest_route=\/wp\/v2\/posts\/10626","targetHints":{"allow":["GET"]}}],"collection":[{"href":"https:\/\/atecordoba.org\/index.php?rest_route=\/wp\/v2\/posts"}],"about":[{"href":"https:\/\/atecordoba.org\/index.php?rest_route=\/wp\/v2\/types\/post"}],"author":[{"embeddable":true,"href":"https:\/\/atecordoba.org\/index.php?rest_route=\/wp\/v2\/users\/1"}],"replies":[{"embeddable":true,"href":"https:\/\/atecordoba.org\/index.php?rest_route=%2Fwp%2Fv2%2Fcomments&post=10626"}],"version-history":[{"count":0,"href":"https:\/\/atecordoba.org\/index.php?rest_route=\/wp\/v2\/posts\/10626\/revisions"}],"wp:featuredmedia":[{"embeddable":true,"href":"https:\/\/atecordoba.org\/index.php?rest_route=\/wp\/v2\/media\/19220"}],"wp:attachment":[{"href":"https:\/\/atecordoba.org\/index.php?rest_route=%2Fwp%2Fv2%2Fmedia&parent=10626"}],"wp:term":[{"taxonomy":"category","embeddable":true,"href":"https:\/\/atecordoba.org\/index.php?rest_route=%2Fwp%2Fv2%2Fcategories&post=10626"},{"taxonomy":"post_tag","embeddable":true,"href":"https:\/\/atecordoba.org\/index.php?rest_route=%2Fwp%2Fv2%2Ftags&post=10626"}],"curies":[{"name":"wp","href":"https:\/\/api.w.org\/{rel}","templated":true}]}}