{"id":10623,"date":"2018-11-23T15:12:33","date_gmt":"2018-11-23T18:12:33","guid":{"rendered":"http:\/\/www.atecordoba.org\/?p=10623"},"modified":"2020-07-02T11:46:27","modified_gmt":"2020-07-02T14:46:27","slug":"en-defensa-de-la-seguridad-social-ate-anses-realizara-el-lunes-una-jornada-de-protesta-y-concientizacion","status":"publish","type":"post","link":"https:\/\/atecordoba.org\/?p=10623","title":{"rendered":"En defensa de la Seguridad Social, ATE-Anses realizar\u00e1 el lunes una jornada de protesta y concientizaci\u00f3n"},"content":{"rendered":"<p><em>Con mesas en la puerta de Rivadavia 10 &nbsp;los trabajadores difundir\u00e1n los riesgos que enfrente el sistema previsional y el Fondo de Garant\u00eda de Sustentabilidad. Adem\u00e1s piden un bono de fin de a\u00f1o como el resto de la administraci\u00f3n p\u00fablica. La atenci\u00f3n estar\u00e1 restringida.<\/em><\/p>\n<p><img loading=\"lazy\" decoding=\"async\" class=\"aligncenter size-full wp-image-10624\" src=\"http:\/\/www.atecordoba.org\/wp-content\/uploads\/2018\/11\/WhatsApp-Image-2018-11-23-at-14.36.50-e1542996683128.jpeg\" alt=\"\" width=\"550\" height=\"397\"><\/p>\n<p>&nbsp;<\/p>\n<p>En l\u00ednea con las actividades que se desarrollaron en las dependencias de diversos puntos del pa\u00eds, los trabajadores de Anses de la Udai 1 realizar\u00e1n el lunes 26 una jornada de concientizaci\u00f3n y defensa del sistema previsional p\u00fablico y solidario, convocada por ATE-Anses.<\/p>\n<p>Se trata de una jornada de lucha que se desarrollar\u00e1 desde las 8 horas con mesas de difusi\u00f3n, volanteadas y m\u00fasica en la calle, para convocar a los beneficiarios del organismo, los trabajadores y la poblaci\u00f3n en general, ante el peligroso vaciamiento del Fondo de Garant\u00eda de Sustentabilidad (FGS), que es el respaldo del pago de las obligaciones del Anses con los beneficiarios ante posibles ca\u00eddas de ingresos de los aportes patronales, los aportes de los trabajadores, o baja en los aportes del Tesoro. M\u00e1s de 30 mil millones de d\u00f3lares salieron del FGS sin tener destino claro de los mismos.<\/p>\n<p>Ante el fracaso rotundo de la Reparaci\u00f3n Hist\u00f3rica, gran parte se destin\u00f3 a resolver la situaci\u00f3n insostenible de la bicicleta financiera, que solo deja ganancias a grandes empresas multinacionales y amigos del poder.<\/p>\n<p>A su vez, los trabajadores reclaman un bono de fin de a\u00f1o compensatorio de la brutal escalada inflacionaria y la licuaci\u00f3n de los salarios, en consonancia a lo que percibir\u00e1 la administraci\u00f3n p\u00fablica nacional.<\/p>\n<p>Los trabajadores salimos a concientizar a la comunidad por:<\/p>\n<ul>\n<li>el fortalecimiento del sistema previsional<\/li>\n<li>el fin del trabajo en negro que resta aportes a la Anses<\/li>\n<li>la restituci\u00f3n de los aportes patronales a la etapa previa a Cavallo<\/li>\n<li>la custodia del Fondo de Garant\u00eda de Sustentabilidad<\/li>\n<li>la actualizaci\u00f3n de los planes sociales, jubilaciones y asignaciones<\/li>\n<li>aumento salarial y apertura de paritarias<\/li>\n<\/ul>\n<p>Vale se\u00f1alar que la actividad resentir\u00e1 la actividad normal en la repartici\u00f3n.<\/p>\n<p>&nbsp;<\/p>\n<p>&nbsp;<\/p>\n","protected":false},"excerpt":{"rendered":"<p>Con mesas en la puerta de Rivadavia 10 &nbsp;los trabajadores difundir\u00e1n los riesgos que enfrente el sistema previsional y el Fondo de Garant\u00eda de Sustentabilidad. Adem\u00e1s piden un bono de fin de a\u00f1o como el resto de la administraci\u00f3n p\u00fablica. La atenci\u00f3n estar\u00e1 restringida. &nbsp; En l\u00ednea con las actividades que se desarrollaron en las [&hellip;]<\/p>\n","protected":false},"author":1,"featured_media":19220,"comment_status":"open","ping_status":"open","sticky":false,"template":"","format":"standard","meta":{"_exactmetrics_skip_tracking":false,"_exactmetrics_sitenote_active":false,"_exactmetrics_sitenote_note":"","_exactmetrics_sitenote_category":0,"jnews-multi-image_gallery":[],"jnews_single_post":[],"jnews_primary_category":[],"jnews_social_meta":[],"jnews_review":[],"enable_review":"","type":"","name":"","summary":"","brand":"","sku":"","good":[],"bad":[],"score_override":"","override_value":"","rating":[],"price":[],"jnews_override_counter":[],"jnews_post_split":[],"footnotes":""},"categories":[18],"tags":[38],"class_list":["post-10623","post","type-post","status-publish","format-standard","has-post-thumbnail","hentry","category-nacionales","tag-anses"],"jetpack_featured_media_url":"https:\/\/atecordoba.org\/wp-content\/uploads\/2020\/05\/logo-nuevochico-e1561581322808.png","_links":{"self":[{"href":"https:\/\/atecordoba.org\/index.php?rest_route=\/wp\/v2\/posts\/10623","targetHints":{"allow":["GET"]}}],"collection":[{"href":"https:\/\/atecordoba.org\/index.php?rest_route=\/wp\/v2\/posts"}],"about":[{"href":"https:\/\/atecordoba.org\/index.php?rest_route=\/wp\/v2\/types\/post"}],"author":[{"embeddable":true,"href":"https:\/\/atecordoba.org\/index.php?rest_route=\/wp\/v2\/users\/1"}],"replies":[{"embeddable":true,"href":"https:\/\/atecordoba.org\/index.php?rest_route=%2Fwp%2Fv2%2Fcomments&post=10623"}],"version-history":[{"count":1,"href":"https:\/\/atecordoba.org\/index.php?rest_route=\/wp\/v2\/posts\/10623\/revisions"}],"predecessor-version":[{"id":20569,"href":"https:\/\/atecordoba.org\/index.php?rest_route=\/wp\/v2\/posts\/10623\/revisions\/20569"}],"wp:featuredmedia":[{"embeddable":true,"href":"https:\/\/atecordoba.org\/index.php?rest_route=\/wp\/v2\/media\/19220"}],"wp:attachment":[{"href":"https:\/\/atecordoba.org\/index.php?rest_route=%2Fwp%2Fv2%2Fmedia&parent=10623"}],"wp:term":[{"taxonomy":"category","embeddable":true,"href":"https:\/\/atecordoba.org\/index.php?rest_route=%2Fwp%2Fv2%2Fcategories&post=10623"},{"taxonomy":"post_tag","embeddable":true,"href":"https:\/\/atecordoba.org\/index.php?rest_route=%2Fwp%2Fv2%2Ftags&post=10623"}],"curies":[{"name":"wp","href":"https:\/\/api.w.org\/{rel}","templated":true}]}}