{"id":10610,"date":"2018-11-21T12:15:20","date_gmt":"2018-11-21T15:15:20","guid":{"rendered":"http:\/\/www.atecordoba.org\/?p=10610"},"modified":"2018-11-21T12:15:20","modified_gmt":"2018-11-21T15:15:20","slug":"elecciones-de-delegados-nacionales","status":"publish","type":"post","link":"https:\/\/atecordoba.org\/?p=10610","title":{"rendered":"Elecciones de delegados nacionales"},"content":{"rendered":"<p><em>&nbsp;La Secretar\u00eda de Trabajo y la Escuela de Gendarmer\u00eda renovaron mandato con buena participaci\u00f3n de los sectores.<\/em><\/p>\n<figure id=\"attachment_10611\" aria-describedby=\"caption-attachment-10611\" style=\"width: 400px\" class=\"wp-caption aligncenter\"><img loading=\"lazy\" decoding=\"async\" class=\"wp-image-10611 size-full\" src=\"http:\/\/www.atecordoba.org\/wp-content\/uploads\/2018\/11\/WhatsApp-Image-2018-11-21-at-11.10.48-e1542813192871.jpeg\" alt=\"\" width=\"400\" height=\"533\"><figcaption id=\"caption-attachment-10611\" class=\"wp-caption-text\">Delegados de Trabajo.<\/figcaption><\/figure>\n<p>Las elecciones se llevaron a cabo la semana pasada y dan cuenta que ATE prosigue el fortalecimiento organizativo en el sector nacional asentado en C\u00f3rdoba.<\/p>\n<p>El pasado mi\u00e9rcoles 14 de noviembre los trabajadores de la Agencia Territorial de la Secretar\u00eda de Trabajo de la Naci\u00f3n eligieron tres delegados para que representen a las oficinas citas en 27 de Abril y en Rodriguez Pe\u00f1a. A partir de ahora y por dos a\u00f1os ejercer\u00e1n el cargo y la responsabilidad de representar al sector la compa\u00f1era Elisa Sotti y los compa\u00f1eros Jorge Luis Chalup y C\u00e9sar Theaux.<\/p>\n<figure id=\"attachment_10614\" aria-describedby=\"caption-attachment-10614\" style=\"width: 550px\" class=\"wp-caption aligncenter\"><img loading=\"lazy\" decoding=\"async\" class=\"wp-image-10614 size-full\" src=\"http:\/\/www.atecordoba.org\/wp-content\/uploads\/2018\/11\/WhatsApp-Image-2018-11-21-at-12.18.28-e1542813595804.jpeg\" alt=\"\" width=\"550\" height=\"413\"><figcaption id=\"caption-attachment-10614\" class=\"wp-caption-text\">Delegados de la Escuela de Suboficiales de Gendarmer\u00eda Nacional<\/figcaption><\/figure>\n<p>A su vez, el jueves 15 se realiz\u00f3 la elecci\u00f3n de delegados en la Escuela de Suboficiales de Gendarmer\u00eda Nacional, en Jes\u00fas Mar\u00eda. All\u00ed fueron electos las compa\u00f1eras Carina Abba y Mar\u00eda Dolores Molina, junto al compa\u00f1ero Esteban Iribarren.<\/p>\n<figure id=\"attachment_10612\" aria-describedby=\"caption-attachment-10612\" style=\"width: 550px\" class=\"wp-caption aligncenter\"><img loading=\"lazy\" decoding=\"async\" class=\"wp-image-10612 size-full\" src=\"http:\/\/www.atecordoba.org\/wp-content\/uploads\/2018\/11\/WhatsApp-Image-2018-11-21-at-11.11.15-e1542813228894.jpeg\" alt=\"\" width=\"550\" height=\"413\"><figcaption id=\"caption-attachment-10612\" class=\"wp-caption-text\">Compa\u00f1eros, haciendo cola para votar en la Secretar\u00eda de Trabajo de la Naci\u00f3n.<\/figcaption><\/figure>\n<p>&nbsp;<\/p>\n<p>&nbsp;<\/p>\n","protected":false},"excerpt":{"rendered":"<p>&nbsp;La Secretar\u00eda de Trabajo y la Escuela de Gendarmer\u00eda renovaron mandato con buena participaci\u00f3n de los sectores. Las elecciones se llevaron a cabo la semana pasada y dan cuenta que ATE prosigue el fortalecimiento organizativo en el sector nacional asentado en C\u00f3rdoba. El pasado mi\u00e9rcoles 14 de noviembre los trabajadores de la Agencia Territorial de [&hellip;]<\/p>\n","protected":false},"author":1,"featured_media":19220,"comment_status":"open","ping_status":"open","sticky":false,"template":"","format":"standard","meta":{"_exactmetrics_skip_tracking":false,"_exactmetrics_sitenote_active":false,"_exactmetrics_sitenote_note":"","_exactmetrics_sitenote_category":0,"jnews-multi-image_gallery":[],"jnews_single_post":[],"jnews_primary_category":[],"jnews_social_meta":[],"jnews_review":[],"enable_review":"","type":"","name":"","summary":"","brand":"","sku":"","good":[],"bad":[],"score_override":"","override_value":"","rating":[],"price":[],"jnews_override_counter":[],"jnews_post_split":[],"footnotes":""},"categories":[138,107],"tags":[],"class_list":["post-10610","post","type-post","status-publish","format-standard","has-post-thumbnail","hentry","category-gendarmeria","category-ministerio-de-trabajo"],"jetpack_featured_media_url":"https:\/\/atecordoba.org\/wp-content\/uploads\/2020\/05\/logo-nuevochico-e1561581322808.png","_links":{"self":[{"href":"https:\/\/atecordoba.org\/index.php?rest_route=\/wp\/v2\/posts\/10610","targetHints":{"allow":["GET"]}}],"collection":[{"href":"https:\/\/atecordoba.org\/index.php?rest_route=\/wp\/v2\/posts"}],"about":[{"href":"https:\/\/atecordoba.org\/index.php?rest_route=\/wp\/v2\/types\/post"}],"author":[{"embeddable":true,"href":"https:\/\/atecordoba.org\/index.php?rest_route=\/wp\/v2\/users\/1"}],"replies":[{"embeddable":true,"href":"https:\/\/atecordoba.org\/index.php?rest_route=%2Fwp%2Fv2%2Fcomments&post=10610"}],"version-history":[{"count":0,"href":"https:\/\/atecordoba.org\/index.php?rest_route=\/wp\/v2\/posts\/10610\/revisions"}],"wp:featuredmedia":[{"embeddable":true,"href":"https:\/\/atecordoba.org\/index.php?rest_route=\/wp\/v2\/media\/19220"}],"wp:attachment":[{"href":"https:\/\/atecordoba.org\/index.php?rest_route=%2Fwp%2Fv2%2Fmedia&parent=10610"}],"wp:term":[{"taxonomy":"category","embeddable":true,"href":"https:\/\/atecordoba.org\/index.php?rest_route=%2Fwp%2Fv2%2Fcategories&post=10610"},{"taxonomy":"post_tag","embeddable":true,"href":"https:\/\/atecordoba.org\/index.php?rest_route=%2Fwp%2Fv2%2Ftags&post=10610"}],"curies":[{"name":"wp","href":"https:\/\/api.w.org\/{rel}","templated":true}]}}