{"id":10607,"date":"2018-11-20T15:38:43","date_gmt":"2018-11-20T18:38:43","guid":{"rendered":"http:\/\/www.atecordoba.org\/?p=10607"},"modified":"2018-11-20T15:38:43","modified_gmt":"2018-11-20T18:38:43","slug":"27-11-jornada-nacional-de-lucha-en-rechazo-al-insuficiente-aumento-salarial","status":"publish","type":"post","link":"https:\/\/atecordoba.org\/?p=10607","title":{"rendered":"27\/11: Jornada Nacional de Lucha en rechazo al insuficiente aumento salarial"},"content":{"rendered":"<p><em>Tras la movilizaci\u00f3n a la Secretar\u00eda de Trabajo, ATE rechaz\u00f3 la recomposici\u00f3n por insuficiente.<\/em><\/p>\n<p><img loading=\"lazy\" decoding=\"async\" class=\"aligncenter size-full wp-image-10608\" src=\"http:\/\/www.atecordoba.org\/wp-content\/uploads\/2018\/11\/godoy-en-secretaria-de-trabajo-e1542739071432.jpg\" alt=\"\" width=\"550\" height=\"367\"><\/p>\n<p style=\"font-weight: 400;\">En el marco de la negociaci\u00f3n paritaria nacional, ATE anunci\u00f3 el viernes pasado una jornada nacional de lucha para el 27 de noviembre. La medida es en rechazo a la firma del acuerdo salarial compuesto por un aumento del 10% en dos cuotas y el pago de una suma fija no remunerativa de cinco mil pesos a efectuar en diciembre.<\/p>\n<p style=\"font-weight: 400;\">\u201cEl 27 de noviembre habr\u00e1 una jornada nacional de lucha, con asambleas, radios abiertas y concentraciones en cada organismo del Estado Nacional y en todas las provincias de nuestro pa\u00eds. Con ATE no se jode y vamos a pelear para defender los derechos de nuestros compa\u00f1eros y compa\u00f1eras\u201d, manifest\u00f3 Hugo \u201cCachorro\u201d Godoy, Secretario General de ATE, frente al edificio de Alem 650.<\/p>\n<p style=\"font-weight: 400;\">Desde el gremio ratificaron as\u00ed que la paritaria resulta insuficiente frente a la p\u00e9rdida salarial de los trabajadores del Estado Nacional, como resultado de una inflaci\u00f3n acumulada del 157% que estuvo por encima de la actualizaci\u00f3n salarial del 89,5%.<\/p>\n<p style=\"font-weight: 400;\">Por otro lado, desde el gremio celebraron la implementaci\u00f3n de la Licencia por Violencia de G\u00e9nero y la extensi\u00f3n a 15 d\u00edas de las Licencias por Paternidad o a acompa\u00f1antes no gestantes. \u201cEs el triunfo de la pelea que venimos llevando hace a\u00f1os\u201d, resalt\u00f3 Silvia Le\u00f3n, Secretaria de Organizaci\u00f3n de ATE Nacional.<\/p>\n<p style=\"font-weight: 400;\">Respecto a la Licencia por Violencia destac\u00f3: \u201cOrgullosamente, podemos decir que naci\u00f3 fruto del trabajo de ATE contra la violencia de g\u00e9nero, encabezado por nuestra compa\u00f1era Gladys Sosa en la CIOT (Comisi\u00f3n de Igualdad de Oportunidades y de Trato). Ya se hab\u00eda conseguido en distintas provincias y jurisdicciones, y hoy celebramos que se incorpore en esta paritaria\u201d.<\/p>\n<p style=\"font-weight: 400;\">Por su parte, Pablo Spataro, paritario nacional, al salir de la negociaci\u00f3n, ratific\u00f3 el rechazo al acuerdo: \u201cSiguen haciendo propuestas que no nos alcanzan a los laburantes, en una paritaria que fue anunciada por los medios y hoy se quiso armar una parodia de negociaci\u00f3n cuando estaba todo resuelto. Por eso, la rechazamos de plano\u201d.<\/p>\n<p style=\"font-weight: 400;\">\u201cEl desaf\u00edo\u201d, a\u00f1adi\u00f3, \u201ces transformar ese rechazo en m\u00e1s organizaci\u00f3n, m\u00e1s compromiso, m\u00e1s lucha. Por eso, el 21 vamos a estar acompa\u00f1ando la gran marcha de los trabajadores y trabajadoras de salud y el 27, como se anunci\u00f3, vamos a protagonizar una jornada para que se reabra esta paritaria, para tener salarios dignos y no permitir ning\u00fan despido m\u00e1s\u201d.<\/p>\n<p style=\"font-weight: 400;\">Participaron de la negociaci\u00f3n: Silvia Le\u00f3n, Secretaria de Organizaci\u00f3n de ATE Nacional; Flavio Vergara y Pablo Spataro, delegados paritarios nacionales; Oscar de Isasi, Secretario General de ATE Provincia de Buenos Aires y Mariana Amartino, del equipo jur\u00eddico del sindicato.<\/p>\n<p style=\"font-weight: 400;\"><b><strong style=\"font-style: inherit;\">Trabajadores del Convenio 214\/06<\/strong><\/b><\/p>\n<p style=\"font-weight: 400;\">Cabe destacar que, a partir del planteo de ATE, se consigui\u00f3 extender, a partir del 1\u00ba de enero de 2019, el incremento otorgado en el acta acuerdo del 29 de mayo de 2018, a las retribuciones mensuales, normales, habituales, regulares y permanentes aprobadas vigentes al 30 de junio de este a\u00f1o para el personal permanente y no permanente comprendido en el \u00e1mbito del Convenio Colectivo General para la Administraci\u00f3n P\u00fablica Nacional homologado por Decreto 214\/06.<\/p>\n<p style=\"font-weight: 400;\">Tal como en las anteriores mesas de di\u00e1logo, &#8220;esta parte plantea la necesidad de aplicar el aumento del 15% a la totalidad del colectivo laboral tanto para recuperar el valor de las UR como para evitar el achatamiento de las escalas salariales vigentes&#8221;, expres\u00f3 ATE.<\/p>\n<p><a href=\"http:\/\/149.56.218.254\/eltrabajadordelestado\/administrator\/my_documents\/my_files\/273_Acta_CCTG_-_Anexos_-_16-11-18.pdf\">Descargar el acta del convenio.<\/a><\/p>\n","protected":false},"excerpt":{"rendered":"<p>Tras la movilizaci\u00f3n a la Secretar\u00eda de Trabajo, ATE rechaz\u00f3 la recomposici\u00f3n por insuficiente. En el marco de la negociaci\u00f3n paritaria nacional, ATE anunci\u00f3 el viernes pasado una jornada nacional de lucha para el 27 de noviembre. La medida es en rechazo a la firma del acuerdo salarial compuesto por un aumento del 10% en [&hellip;]<\/p>\n","protected":false},"author":1,"featured_media":19220,"comment_status":"open","ping_status":"open","sticky":false,"template":"","format":"standard","meta":{"_exactmetrics_skip_tracking":false,"_exactmetrics_sitenote_active":false,"_exactmetrics_sitenote_note":"","_exactmetrics_sitenote_category":0,"jnews-multi-image_gallery":[],"jnews_single_post":[],"jnews_primary_category":[],"jnews_social_meta":[],"jnews_review":[],"enable_review":"","type":"","name":"","summary":"","brand":"","sku":"","good":[],"bad":[],"score_override":"","override_value":"","rating":[],"price":[],"jnews_override_counter":[],"jnews_post_split":[],"footnotes":""},"categories":[21],"tags":[],"class_list":["post-10607","post","type-post","status-publish","format-standard","has-post-thumbnail","hentry","category-paro-nacional"],"jetpack_featured_media_url":"https:\/\/atecordoba.org\/wp-content\/uploads\/2020\/05\/logo-nuevochico-e1561581322808.png","_links":{"self":[{"href":"https:\/\/atecordoba.org\/index.php?rest_route=\/wp\/v2\/posts\/10607","targetHints":{"allow":["GET"]}}],"collection":[{"href":"https:\/\/atecordoba.org\/index.php?rest_route=\/wp\/v2\/posts"}],"about":[{"href":"https:\/\/atecordoba.org\/index.php?rest_route=\/wp\/v2\/types\/post"}],"author":[{"embeddable":true,"href":"https:\/\/atecordoba.org\/index.php?rest_route=\/wp\/v2\/users\/1"}],"replies":[{"embeddable":true,"href":"https:\/\/atecordoba.org\/index.php?rest_route=%2Fwp%2Fv2%2Fcomments&post=10607"}],"version-history":[{"count":0,"href":"https:\/\/atecordoba.org\/index.php?rest_route=\/wp\/v2\/posts\/10607\/revisions"}],"wp:featuredmedia":[{"embeddable":true,"href":"https:\/\/atecordoba.org\/index.php?rest_route=\/wp\/v2\/media\/19220"}],"wp:attachment":[{"href":"https:\/\/atecordoba.org\/index.php?rest_route=%2Fwp%2Fv2%2Fmedia&parent=10607"}],"wp:term":[{"taxonomy":"category","embeddable":true,"href":"https:\/\/atecordoba.org\/index.php?rest_route=%2Fwp%2Fv2%2Fcategories&post=10607"},{"taxonomy":"post_tag","embeddable":true,"href":"https:\/\/atecordoba.org\/index.php?rest_route=%2Fwp%2Fv2%2Ftags&post=10607"}],"curies":[{"name":"wp","href":"https:\/\/api.w.org\/{rel}","templated":true}]}}